{"id":130945,"date":"2021-10-25T09:04:00","date_gmt":"2021-10-25T13:04:00","guid":{"rendered":"https:\/\/linitiative.ca\/International\/deces-dabdelmajid-chaker-lancien-ministre-de-bourguiba\/"},"modified":"2021-10-25T09:04:00","modified_gmt":"2021-10-25T13:04:00","slug":"deces-dabdelmajid-chaker-lancien-ministre-de-bourguiba","status":"publish","type":"post","link":"https:\/\/linitiative.ca\/International\/deces-dabdelmajid-chaker-lancien-ministre-de-bourguiba\/","title":{"rendered":"D\u00e9c\u00e8s d\u2019Abdelmajid Chaker, l\u2019ancien ministre de Bourguiba"},"content":{"rendered":"<div><img decoding=\"async\" src=\"https:\/\/linitiative.ca\/International\/wp-content\/uploads\/sites\/23\/2021\/10\/1635163444_article.jpg\" alt=\"Abdelmajid Chaker\" align=\"left\">C\u2019est une figure de proue du mouvement national tunisien, puis de la g\u00e9n\u00e9ration de l\u2019ind\u00e9pendance qui vient de dispara\u00eetre avec le d\u00e9c\u00e8s lundi matin \u00e0 Tunis d\u2019Abdelamjid Chaker, \u00e0 l\u2019\u00e2ge de 94 ans. Fr\u00e8re du martyr H\u00e9di Chaker, il avait connu lui aussi d\u00e8s son jeune \u00e2ge, l\u2019acharnement contre lui du colonialisme qui l\u2019avait condamn\u00e9 en 1952 \u00e0 10 ans de prison. Graci\u00e9 \u00e0 la veille de l\u2019ind\u00e9pendance, il partira en France faire sa licence en droit.<br \/>\nChef scout, tr\u00e8s actif dans la clandestinit\u00e9 avec Hamed Zeghal, et d\u2019autres militants, Abdelmajid Chaker fera partie des fondateurs de l\u2019Union g\u00e9n\u00e9rale des Etudiants de Tunisie, aux c\u00f4t\u00e9s de Mansour Moalla.<br \/>\nAu &#8230;<\/p>\n<\/div>\n<p>Auteur:<br \/>\n<a href=\"https:\/\/www.leaders.com.tn\/article\/32570-abdelmajid-chaker\">Cliquez ici pour lire l&rsquo;article depuis sa source.<\/a><\/p>\n","protected":false},"excerpt":{"rendered":"<p>C\u2019est une figure de proue du mouvement national tunisien, puis de la g\u00e9n\u00e9ration de l\u2019ind\u00e9pendance qui vient de dispara\u00eetre avec le d\u00e9c\u00e8s lundi matin \u00e0 Tunis d\u2019Abdelamjid Chaker, \u00e0 l\u2019\u00e2ge de 94 ans. Fr\u00e8re du martyr H\u00e9di Chaker, il avait connu lui aussi d\u00e8s son jeune \u00e2ge, l\u2019acharnement contre lui du colonialisme qui l\u2019avait condamn\u00e9 [&hellip;]<\/p>\n","protected":false},"author":1772,"featured_media":0,"comment_status":"closed","ping_status":"closed","sticky":false,"template":"","format":"standard","meta":{"fifu_image_url":"http:\/\/www.leaders.com.tn\/uploads\/content\/thumbnails_small\/1635163444_article.jpg","fifu_image_alt":"D\u00e9c\u00e8s d\u2019Abdelmajid Chaker, l\u2019ancien ministre de Bourguiba","footnotes":""},"categories":[73,55],"tags":[],"class_list":["post-130945","post","type-post","status-publish","format-standard","hentry","category-actualite","category-tunisie"],"_links":{"self":[{"href":"https:\/\/linitiative.ca\/International\/wp-json\/wp\/v2\/posts\/130945","targetHints":{"allow":["GET"]}}],"collection":[{"href":"https:\/\/linitiative.ca\/International\/wp-json\/wp\/v2\/posts"}],"about":[{"href":"https:\/\/linitiative.ca\/International\/wp-json\/wp\/v2\/types\/post"}],"author":[{"embeddable":true,"href":"https:\/\/linitiative.ca\/International\/wp-json\/wp\/v2\/users\/1772"}],"replies":[{"embeddable":true,"href":"https:\/\/linitiative.ca\/International\/wp-json\/wp\/v2\/comments?post=130945"}],"version-history":[{"count":0,"href":"https:\/\/linitiative.ca\/International\/wp-json\/wp\/v2\/posts\/130945\/revisions"}],"wp:attachment":[{"href":"https:\/\/linitiative.ca\/International\/wp-json\/wp\/v2\/media?parent=130945"}],"wp:term":[{"taxonomy":"category","embeddable":true,"href":"https:\/\/linitiative.ca\/International\/wp-json\/wp\/v2\/categories?post=130945"},{"taxonomy":"post_tag","embeddable":true,"href":"https:\/\/linitiative.ca\/International\/wp-json\/wp\/v2\/tags?post=130945"}],"curies":[{"name":"wp","href":"https:\/\/api.w.org\/{rel}","templated":true}]}}