{"id":130949,"date":"2021-10-25T15:45:00","date_gmt":"2021-10-25T19:45:00","guid":{"rendered":"https:\/\/linitiative.ca\/International\/aicto-un-engagement-strategique-pour-la-cybersecurite-dans-le-monde-arabe\/"},"modified":"2021-10-25T15:45:00","modified_gmt":"2021-10-25T19:45:00","slug":"aicto-un-engagement-strategique-pour-la-cybersecurite-dans-le-monde-arabe","status":"publish","type":"post","link":"https:\/\/linitiative.ca\/International\/aicto-un-engagement-strategique-pour-la-cybersecurite-dans-le-monde-arabe\/","title":{"rendered":"AICTO: Un engagement strat\u00e9gique pour la cybers\u00e9curit\u00e9 dans le monde Arabe"},"content":{"rendered":"<div><img decoding=\"async\" src=\"https:\/\/linitiative.ca\/International\/wp-content\/uploads\/sites\/23\/2021\/10\/1635187809_article.jpg\" alt=\"AICTO: Un engagement strat\u00e9gique pour la cybers\u00e9curit\u00e9 dans le monde Arabe \" align=\"left\">L\u2019organisation arabe des technologies de l\u2019information et de la communication (AICTO) a organis\u00e9 le forum arabe de cybers\u00e9curit\u00e9 du 21 et 22 octobre 2021 \u00e0 l&rsquo;h\u00f4tel Four Seasons &amp; Resorts de Tunis. Ce Forum a r\u00e9uni les principaux acteurs dans le secteur de technologie de l\u2019information (TIC) pour pr\u00e9senter la vision arabe en mati\u00e8re de cybers\u00e9curit\u00e9.<br \/>\nLe forum qui s\u2019est tenu sur deux jours, a \u00e9t\u00e9 marqu\u00e9 par la pr\u00e9sence de plusieurs d\u00e9l\u00e9gations de la Tunisie et de plusieurs \u00c9tats arabes, principalement M. Ahmed Abou El Gheit, secr\u00e9taire g\u00e9n\u00e9ral de la Ligue des \u00c9tats arabes, et M. Nizar Ben N\u00e9ji, ministre des Technologies de la communication.<br \/>\nLors de cet &#8230;<\/p>\n<\/div>\n<p>Auteur:<br \/>\n<a href=\"https:\/\/www.leaders.com.tn\/article\/32575-aicto-un-engagement-strategique-pour-la-cybersecurite-dans-le-monde-arabe\">Cliquez ici pour lire l&rsquo;article depuis sa source.<\/a><\/p>\n","protected":false},"excerpt":{"rendered":"<p>L\u2019organisation arabe des technologies de l\u2019information et de la communication (AICTO) a organis\u00e9 le forum arabe de cybers\u00e9curit\u00e9 du 21 et 22 octobre 2021 \u00e0 l&rsquo;h\u00f4tel Four Seasons &amp; Resorts de Tunis. Ce Forum a r\u00e9uni les principaux acteurs dans le secteur de technologie de l\u2019information (TIC) pour pr\u00e9senter la vision arabe en mati\u00e8re de [&hellip;]<\/p>\n","protected":false},"author":1772,"featured_media":0,"comment_status":"closed","ping_status":"closed","sticky":false,"template":"","format":"standard","meta":{"fifu_image_url":"http:\/\/www.leaders.com.tn\/uploads\/content\/thumbnails_small\/1635187809_article.jpg","fifu_image_alt":"AICTO: Un engagement strat\u00e9gique pour la cybers\u00e9curit\u00e9 dans le monde Arabe","footnotes":""},"categories":[73,55],"tags":[],"class_list":["post-130949","post","type-post","status-publish","format-standard","hentry","category-actualite","category-tunisie"],"_links":{"self":[{"href":"https:\/\/linitiative.ca\/International\/wp-json\/wp\/v2\/posts\/130949","targetHints":{"allow":["GET"]}}],"collection":[{"href":"https:\/\/linitiative.ca\/International\/wp-json\/wp\/v2\/posts"}],"about":[{"href":"https:\/\/linitiative.ca\/International\/wp-json\/wp\/v2\/types\/post"}],"author":[{"embeddable":true,"href":"https:\/\/linitiative.ca\/International\/wp-json\/wp\/v2\/users\/1772"}],"replies":[{"embeddable":true,"href":"https:\/\/linitiative.ca\/International\/wp-json\/wp\/v2\/comments?post=130949"}],"version-history":[{"count":0,"href":"https:\/\/linitiative.ca\/International\/wp-json\/wp\/v2\/posts\/130949\/revisions"}],"wp:attachment":[{"href":"https:\/\/linitiative.ca\/International\/wp-json\/wp\/v2\/media?parent=130949"}],"wp:term":[{"taxonomy":"category","embeddable":true,"href":"https:\/\/linitiative.ca\/International\/wp-json\/wp\/v2\/categories?post=130949"},{"taxonomy":"post_tag","embeddable":true,"href":"https:\/\/linitiative.ca\/International\/wp-json\/wp\/v2\/tags?post=130949"}],"curies":[{"name":"wp","href":"https:\/\/api.w.org\/{rel}","templated":true}]}}