{"id":130966,"date":"2021-10-25T16:31:57","date_gmt":"2021-10-25T20:31:57","guid":{"rendered":"https:\/\/linitiative.ca\/International\/tunisie-video-la-pologne-envoie-des-aides-et-des-equipements-medicaux\/"},"modified":"2021-10-25T16:31:57","modified_gmt":"2021-10-25T20:31:57","slug":"tunisie-video-la-pologne-envoie-des-aides-et-des-equipements-medicaux","status":"publish","type":"post","link":"https:\/\/linitiative.ca\/International\/tunisie-video-la-pologne-envoie-des-aides-et-des-equipements-medicaux\/","title":{"rendered":"Tunisie [VIDEO] : La Pologne envoie des aides et des \u00e9quipements m\u00e9dicaux"},"content":{"rendered":"<div>\n<p>Dans le cadre du soutien \u00e0 la Tunisie dans sa lutte contre le Coronavirus, des aides et des \u00e9quipements m\u00e9dicaux de la part de la Pologne ont \u00e9t\u00e9 re\u00e7us aujourd\u2019hui, lundi 25 octobre 2021 \u00e0 l\u2019a\u00e9roport international de Tunis-Carthage, en pr\u00e9sence du ministre de la\u00a0 Sant\u00e9, Ali Mrabet et l\u2019Ambassadrice de Pologne en Tunisie, Son [\u2026]<\/p>\n<p>L\u2019article <a href=\"https:\/\/www.tunisienumerique.com\/tunisie-video-la-pologne-envoie-des-aides-et-des-equipements-medicaux\/\">Tunisie [VIDEO] : La Pologne envoie des aides et des \u00e9quipements m\u00e9dicaux<\/a> est apparu en premier sur <a href=\"https:\/\/www.tunisienumerique.com\/\">Tunisie<\/a>.<\/p>\n<\/div>\n<p>Auteur: rania ben slimane<br \/>\n<a href=\"https:\/\/www.tunisienumerique.com\/tunisie-video-la-pologne-envoie-des-aides-et-des-equipements-medicaux\/\">Cliquez ici pour lire l&rsquo;article depuis sa source.<\/a><\/p>\n","protected":false},"excerpt":{"rendered":"<p>Dans le cadre du soutien \u00e0 la Tunisie dans sa lutte contre le Coronavirus, des aides et des \u00e9quipements m\u00e9dicaux de la part de la Pologne ont \u00e9t\u00e9 re\u00e7us aujourd\u2019hui, lundi 25 octobre 2021 \u00e0 l\u2019a\u00e9roport international de Tunis-Carthage, en pr\u00e9sence du ministre de la\u00a0 Sant\u00e9, Ali Mrabet et l\u2019Ambassadrice de Pologne en Tunisie, Son [&hellip;]<\/p>\n","protected":false},"author":1789,"featured_media":0,"comment_status":"closed","ping_status":"closed","sticky":false,"template":"","format":"standard","meta":{"fifu_image_url":"","fifu_image_alt":"","footnotes":""},"categories":[73,55],"tags":[],"class_list":["post-130966","post","type-post","status-publish","format-standard","hentry","category-actualite","category-tunisie"],"_links":{"self":[{"href":"https:\/\/linitiative.ca\/International\/wp-json\/wp\/v2\/posts\/130966","targetHints":{"allow":["GET"]}}],"collection":[{"href":"https:\/\/linitiative.ca\/International\/wp-json\/wp\/v2\/posts"}],"about":[{"href":"https:\/\/linitiative.ca\/International\/wp-json\/wp\/v2\/types\/post"}],"author":[{"embeddable":true,"href":"https:\/\/linitiative.ca\/International\/wp-json\/wp\/v2\/users\/1789"}],"replies":[{"embeddable":true,"href":"https:\/\/linitiative.ca\/International\/wp-json\/wp\/v2\/comments?post=130966"}],"version-history":[{"count":0,"href":"https:\/\/linitiative.ca\/International\/wp-json\/wp\/v2\/posts\/130966\/revisions"}],"wp:attachment":[{"href":"https:\/\/linitiative.ca\/International\/wp-json\/wp\/v2\/media?parent=130966"}],"wp:term":[{"taxonomy":"category","embeddable":true,"href":"https:\/\/linitiative.ca\/International\/wp-json\/wp\/v2\/categories?post=130966"},{"taxonomy":"post_tag","embeddable":true,"href":"https:\/\/linitiative.ca\/International\/wp-json\/wp\/v2\/tags?post=130966"}],"curies":[{"name":"wp","href":"https:\/\/api.w.org\/{rel}","templated":true}]}}