{"id":130967,"date":"2021-10-25T16:34:32","date_gmt":"2021-10-25T20:34:32","guid":{"rendered":"https:\/\/linitiative.ca\/International\/tunisie-ben-hlima-ce-nest-pas-dans-le-siege-central-dennahdha-quil-fallait-chercher\/"},"modified":"2021-10-25T16:34:32","modified_gmt":"2021-10-25T20:34:32","slug":"tunisie-ben-hlima-ce-nest-pas-dans-le-siege-central-dennahdha-quil-fallait-chercher","status":"publish","type":"post","link":"https:\/\/linitiative.ca\/International\/tunisie-ben-hlima-ce-nest-pas-dans-le-siege-central-dennahdha-quil-fallait-chercher\/","title":{"rendered":"Tunisie \u2013 Ben Hlima\u00a0: Ce n\u2019est pas dans le si\u00e8ge central d\u2019Ennahdha qu\u2019il fallait chercher\u00a0!"},"content":{"rendered":"<div>\n<p>L\u2019avocat et activiste politique, Imed Ben Hlima, a r\u00e9agi \u00e0 la perquisition op\u00e9r\u00e9e par les agents de la garde nationale au si\u00e8ge d\u2019Ennahdha, \u00e0 la recherche de documents en rapport avec les affaires de lobbying. Il a assur\u00e9 que, m\u00eame apr\u00e8s sa prise de pouvoir en 2012, Ennahdha a continu\u00e9 \u00e0 travailler comme une organisation [\u2026]<\/p>\n<p>L\u2019article <a href=\"https:\/\/www.tunisienumerique.com\/tunisie-ben-hlima-ce-nest-pas-dans-le-siege-central-dennahdha-quil-fallait-chercher\/\">Tunisie \u2013 Ben Hlima\u00a0: Ce n\u2019est pas dans le si\u00e8ge central d\u2019Ennahdha qu\u2019il fallait chercher\u00a0!<\/a> est apparu en premier sur <a href=\"https:\/\/www.tunisienumerique.com\/\">Tunisie<\/a>.<\/p>\n<\/div>\n<p>Auteur: LM<br \/>\n<a href=\"https:\/\/www.tunisienumerique.com\/tunisie-ben-hlima-ce-nest-pas-dans-le-siege-central-dennahdha-quil-fallait-chercher\/\">Cliquez ici pour lire l&rsquo;article depuis sa source.<\/a><\/p>\n","protected":false},"excerpt":{"rendered":"<p>L\u2019avocat et activiste politique, Imed Ben Hlima, a r\u00e9agi \u00e0 la perquisition op\u00e9r\u00e9e par les agents de la garde nationale au si\u00e8ge d\u2019Ennahdha, \u00e0 la recherche de documents en rapport avec les affaires de lobbying. Il a assur\u00e9 que, m\u00eame apr\u00e8s sa prise de pouvoir en 2012, Ennahdha a continu\u00e9 \u00e0 travailler comme une organisation [&hellip;]<\/p>\n","protected":false},"author":1789,"featured_media":0,"comment_status":"closed","ping_status":"closed","sticky":false,"template":"","format":"standard","meta":{"fifu_image_url":"","fifu_image_alt":"","footnotes":""},"categories":[73,55],"tags":[],"class_list":["post-130967","post","type-post","status-publish","format-standard","hentry","category-actualite","category-tunisie"],"_links":{"self":[{"href":"https:\/\/linitiative.ca\/International\/wp-json\/wp\/v2\/posts\/130967","targetHints":{"allow":["GET"]}}],"collection":[{"href":"https:\/\/linitiative.ca\/International\/wp-json\/wp\/v2\/posts"}],"about":[{"href":"https:\/\/linitiative.ca\/International\/wp-json\/wp\/v2\/types\/post"}],"author":[{"embeddable":true,"href":"https:\/\/linitiative.ca\/International\/wp-json\/wp\/v2\/users\/1789"}],"replies":[{"embeddable":true,"href":"https:\/\/linitiative.ca\/International\/wp-json\/wp\/v2\/comments?post=130967"}],"version-history":[{"count":0,"href":"https:\/\/linitiative.ca\/International\/wp-json\/wp\/v2\/posts\/130967\/revisions"}],"wp:attachment":[{"href":"https:\/\/linitiative.ca\/International\/wp-json\/wp\/v2\/media?parent=130967"}],"wp:term":[{"taxonomy":"category","embeddable":true,"href":"https:\/\/linitiative.ca\/International\/wp-json\/wp\/v2\/categories?post=130967"},{"taxonomy":"post_tag","embeddable":true,"href":"https:\/\/linitiative.ca\/International\/wp-json\/wp\/v2\/tags?post=130967"}],"curies":[{"name":"wp","href":"https:\/\/api.w.org\/{rel}","templated":true}]}}