{"id":130968,"date":"2021-10-25T16:38:40","date_gmt":"2021-10-25T20:38:40","guid":{"rendered":"https:\/\/linitiative.ca\/International\/selon-jawhara-fm-liberation-des-freres-karoui\/"},"modified":"2021-10-25T16:38:40","modified_gmt":"2021-10-25T20:38:40","slug":"selon-jawhara-fm-liberation-des-freres-karoui","status":"publish","type":"post","link":"https:\/\/linitiative.ca\/International\/selon-jawhara-fm-liberation-des-freres-karoui\/","title":{"rendered":"Selon Jawhara FM: Lib\u00e9ration des fr\u00e8res Karoui"},"content":{"rendered":"<div>\n<p>LA radio priv\u00e9e Jawhara FM a appris de sources bien inform\u00e9es que les deux fr\u00e8res, Nabil et Ghazi Karoui arr\u00eat\u00e9s en Alg\u00e9rie, ont \u00e9t\u00e9 mis en libert\u00e9 lib\u00e9r\u00e9s aujourd\u2019hui 25 octobre 2021, avec poursuite des recherches. Les m\u00eames sources ont \u00e9galement indiqu\u00e9 que les autres personnes arr\u00eat\u00e9es dans le cadre de l\u2019affaire d\u2019entr\u00e9e clandestine sur [\u2026]<\/p>\n<p>L\u2019article <a href=\"https:\/\/www.tunisienumerique.com\/algerie-liberation-des-freres-karoui\/\">Selon Jawhara FM: Lib\u00e9ration des fr\u00e8res Karoui<\/a> est apparu en premier sur <a href=\"https:\/\/www.tunisienumerique.com\/\">Tunisie<\/a>.<\/p>\n<\/div>\n<p>Auteur: rania ben slimane<br \/>\n<a href=\"https:\/\/www.tunisienumerique.com\/algerie-liberation-des-freres-karoui\/\">Cliquez ici pour lire l&rsquo;article depuis sa source.<\/a><\/p>\n","protected":false},"excerpt":{"rendered":"<p>LA radio priv\u00e9e Jawhara FM a appris de sources bien inform\u00e9es que les deux fr\u00e8res, Nabil et Ghazi Karoui arr\u00eat\u00e9s en Alg\u00e9rie, ont \u00e9t\u00e9 mis en libert\u00e9 lib\u00e9r\u00e9s aujourd\u2019hui 25 octobre 2021, avec poursuite des recherches. Les m\u00eames sources ont \u00e9galement indiqu\u00e9 que les autres personnes arr\u00eat\u00e9es dans le cadre de l\u2019affaire d\u2019entr\u00e9e clandestine sur [&hellip;]<\/p>\n","protected":false},"author":1789,"featured_media":0,"comment_status":"closed","ping_status":"closed","sticky":false,"template":"","format":"standard","meta":{"fifu_image_url":"","fifu_image_alt":"","footnotes":""},"categories":[73,55],"tags":[],"class_list":["post-130968","post","type-post","status-publish","format-standard","hentry","category-actualite","category-tunisie"],"_links":{"self":[{"href":"https:\/\/linitiative.ca\/International\/wp-json\/wp\/v2\/posts\/130968","targetHints":{"allow":["GET"]}}],"collection":[{"href":"https:\/\/linitiative.ca\/International\/wp-json\/wp\/v2\/posts"}],"about":[{"href":"https:\/\/linitiative.ca\/International\/wp-json\/wp\/v2\/types\/post"}],"author":[{"embeddable":true,"href":"https:\/\/linitiative.ca\/International\/wp-json\/wp\/v2\/users\/1789"}],"replies":[{"embeddable":true,"href":"https:\/\/linitiative.ca\/International\/wp-json\/wp\/v2\/comments?post=130968"}],"version-history":[{"count":0,"href":"https:\/\/linitiative.ca\/International\/wp-json\/wp\/v2\/posts\/130968\/revisions"}],"wp:attachment":[{"href":"https:\/\/linitiative.ca\/International\/wp-json\/wp\/v2\/media?parent=130968"}],"wp:term":[{"taxonomy":"category","embeddable":true,"href":"https:\/\/linitiative.ca\/International\/wp-json\/wp\/v2\/categories?post=130968"},{"taxonomy":"post_tag","embeddable":true,"href":"https:\/\/linitiative.ca\/International\/wp-json\/wp\/v2\/tags?post=130968"}],"curies":[{"name":"wp","href":"https:\/\/api.w.org\/{rel}","templated":true}]}}