{"id":130971,"date":"2021-10-25T15:37:04","date_gmt":"2021-10-25T19:37:04","guid":{"rendered":"https:\/\/linitiative.ca\/International\/consensus-autour-du-choix-du-nouveau-president-de-la-communaute-musulmane\/"},"modified":"2021-10-25T15:37:04","modified_gmt":"2021-10-25T19:37:04","slug":"consensus-autour-du-choix-du-nouveau-president-de-la-communaute-musulmane","status":"publish","type":"post","link":"https:\/\/linitiative.ca\/International\/consensus-autour-du-choix-du-nouveau-president-de-la-communaute-musulmane\/","title":{"rendered":"CONSENSUS \u00a0\u00a0\u00a0\u00a0 AUTOUR DU CHOIX DU NOUVEAU PRESIDENT DE LA COMMUNAUTE MUSULMANE  \u00a0"},"content":{"rendered":"<div>\n<p><img decoding=\"async\" width=\"597\" height=\"377\" src=\"https:\/\/linitiative.ca\/International\/wp-content\/uploads\/sites\/23\/2021\/10\/MUSULMANS.jpg\" class=\"attachment- size- wp-post-image\" alt=\"\" loading=\"lazy\" style=\"float:left; margin:0 15px 15px 0;\" srcset=\"https:\/\/linitiative.ca\/International\/wp-content\/uploads\/sites\/23\/2021\/10\/MUSULMANS.jpg 597w, https:\/\/lepays.bf\/wp-content\/uploads\/2021\/10\/MUSULMANS-300x189.jpg 300w\" sizes=\"auto, (max-width: 597px) 100vw, 597px\">Depuis 2018, la communaut\u00e9 musulmane \u00e9tait dans une dangereuse zone de turbulences au point qu\u2019on\u00a0 a craint un crash. Pendant cette longue p\u00e9riode, en effet, la Oummah a \u00e9t\u00e9 profond\u00e9ment divis\u00e9e. D\u2019un c\u00f4t\u00e9, il y avait ceux qui ne juraient que par le pr\u00e9sident en exercice de la Communaut\u00e9 musulmane, El Hadj Abdoul Rasman\u00e9 Sana. \u2026<\/p>\n<p>L\u2019article <a rel=\"nofollow\" href=\"https:\/\/lepays.bf\/consensus-autour-du-choix-du-nouveau-president-de-la-communaute-musulmane\/\">CONSENSUS \u00a0\u00a0\u00a0\u00a0 AUTOUR DU CHOIX DU NOUVEAU PRESIDENT DE LA COMMUNAUTE MUSULMANE  \u00a0<\/a> est apparu en premier sur <a rel=\"nofollow\" href=\"https:\/\/lepays.bf\/\">Editions Le Pays<\/a>.<\/p>\n<\/div>\n<p>Auteur: Editions LEPAYS<br \/>\n<a href=\"https:\/\/lepays.bf\/consensus-autour-du-choix-du-nouveau-president-de-la-communaute-musulmane\/\">Cliquez ici pour lire l&rsquo;article depuis sa source.<\/a><\/p>\n","protected":false},"excerpt":{"rendered":"<p>Depuis 2018, la communaut\u00e9 musulmane \u00e9tait dans une dangereuse zone de turbulences au point qu\u2019on\u00a0 a craint un crash. Pendant cette longue p\u00e9riode, en effet, la Oummah a \u00e9t\u00e9 profond\u00e9ment divis\u00e9e. D\u2019un c\u00f4t\u00e9, il y avait ceux qui ne juraient que par le pr\u00e9sident en exercice de la Communaut\u00e9 musulmane, El Hadj Abdoul Rasman\u00e9 Sana. [&hellip;]<\/p>\n","protected":false},"author":1813,"featured_media":0,"comment_status":"closed","ping_status":"closed","sticky":false,"template":"","format":"standard","meta":{"fifu_image_url":"https:\/\/lepays.bf\/wp-content\/uploads\/2021\/10\/MUSULMANS.jpg","fifu_image_alt":"CONSENSUS \u00a0\u00a0\u00a0\u00a0 AUTOUR DU CHOIX DU NOUVEAU PRESIDENT DE LA COMMUNAUTE MUSULMANE  \u00a0","footnotes":""},"categories":[73,81],"tags":[],"class_list":["post-130971","post","type-post","status-publish","format-standard","hentry","category-actualite","category-burkina-faso"],"_links":{"self":[{"href":"https:\/\/linitiative.ca\/International\/wp-json\/wp\/v2\/posts\/130971","targetHints":{"allow":["GET"]}}],"collection":[{"href":"https:\/\/linitiative.ca\/International\/wp-json\/wp\/v2\/posts"}],"about":[{"href":"https:\/\/linitiative.ca\/International\/wp-json\/wp\/v2\/types\/post"}],"author":[{"embeddable":true,"href":"https:\/\/linitiative.ca\/International\/wp-json\/wp\/v2\/users\/1813"}],"replies":[{"embeddable":true,"href":"https:\/\/linitiative.ca\/International\/wp-json\/wp\/v2\/comments?post=130971"}],"version-history":[{"count":0,"href":"https:\/\/linitiative.ca\/International\/wp-json\/wp\/v2\/posts\/130971\/revisions"}],"wp:attachment":[{"href":"https:\/\/linitiative.ca\/International\/wp-json\/wp\/v2\/media?parent=130971"}],"wp:term":[{"taxonomy":"category","embeddable":true,"href":"https:\/\/linitiative.ca\/International\/wp-json\/wp\/v2\/categories?post=130971"},{"taxonomy":"post_tag","embeddable":true,"href":"https:\/\/linitiative.ca\/International\/wp-json\/wp\/v2\/tags?post=130971"}],"curies":[{"name":"wp","href":"https:\/\/api.w.org\/{rel}","templated":true}]}}