{"id":130973,"date":"2021-10-25T15:42:34","date_gmt":"2021-10-25T19:42:34","guid":{"rendered":"https:\/\/linitiative.ca\/International\/coup-de-force-militaire-au-soudan\/"},"modified":"2021-10-25T15:42:34","modified_gmt":"2021-10-25T19:42:34","slug":"coup-de-force-militaire-au-soudan","status":"publish","type":"post","link":"https:\/\/linitiative.ca\/International\/coup-de-force-militaire-au-soudan\/","title":{"rendered":"COUP DE FORCE MILITAIRE AU SOUDAN  \u00a0"},"content":{"rendered":"<div>\n<p><img decoding=\"async\" width=\"592\" height=\"296\" src=\"https:\/\/linitiative.ca\/International\/wp-content\/uploads\/sites\/23\/2021\/10\/SOUDAN-1.jpg\" class=\"attachment- size- wp-post-image\" alt=\"\" loading=\"lazy\" style=\"float:left; margin:0 15px 15px 0;\" srcset=\"https:\/\/linitiative.ca\/International\/wp-content\/uploads\/sites\/23\/2021\/10\/SOUDAN-1.jpg 592w, https:\/\/lepays.bf\/wp-content\/uploads\/2021\/10\/SOUDAN-1-300x150.jpg 300w\" sizes=\"auto, (max-width: 592px) 100vw, 592px\">Depuis hier, 25 octobre 2021, la transition civilo-militaire qui avait cours au Soudan depuis 2019, a \u00e9t\u00e9 prise en otage par les militaires qui ont proc\u00e9d\u00e9 \u00e0 l\u2019arrestation, tr\u00e8s t\u00f4t le matin, \u00e0 leurs domiciles respectifs, de plusieurs dirigeants civils dont le Premier ministre, Abdalla Hamdock et plusieurs membres du gouvernement et du Conseil de \u2026<\/p>\n<p>L\u2019article <a rel=\"nofollow\" href=\"https:\/\/lepays.bf\/coup-de-force-militaire-au-soudan\/\">COUP DE FORCE MILITAIRE AU SOUDAN  \u00a0<\/a> est apparu en premier sur <a rel=\"nofollow\" href=\"https:\/\/lepays.bf\/\">Editions Le Pays<\/a>.<\/p>\n<\/div>\n<p>Auteur: Editions LEPAYS<br \/>\n<a href=\"https:\/\/lepays.bf\/coup-de-force-militaire-au-soudan\/\">Cliquez ici pour lire l&rsquo;article depuis sa source.<\/a><\/p>\n","protected":false},"excerpt":{"rendered":"<p>Depuis hier, 25 octobre 2021, la transition civilo-militaire qui avait cours au Soudan depuis 2019, a \u00e9t\u00e9 prise en otage par les militaires qui ont proc\u00e9d\u00e9 \u00e0 l\u2019arrestation, tr\u00e8s t\u00f4t le matin, \u00e0 leurs domiciles respectifs, de plusieurs dirigeants civils dont le Premier ministre, Abdalla Hamdock et plusieurs membres du gouvernement et du Conseil de [&hellip;]<\/p>\n","protected":false},"author":1813,"featured_media":0,"comment_status":"closed","ping_status":"closed","sticky":false,"template":"","format":"standard","meta":{"fifu_image_url":"https:\/\/lepays.bf\/wp-content\/uploads\/2021\/10\/SOUDAN-1.jpg","fifu_image_alt":"COUP DE FORCE MILITAIRE AU SOUDAN  \u00a0","footnotes":""},"categories":[73,81],"tags":[],"class_list":["post-130973","post","type-post","status-publish","format-standard","hentry","category-actualite","category-burkina-faso"],"_links":{"self":[{"href":"https:\/\/linitiative.ca\/International\/wp-json\/wp\/v2\/posts\/130973","targetHints":{"allow":["GET"]}}],"collection":[{"href":"https:\/\/linitiative.ca\/International\/wp-json\/wp\/v2\/posts"}],"about":[{"href":"https:\/\/linitiative.ca\/International\/wp-json\/wp\/v2\/types\/post"}],"author":[{"embeddable":true,"href":"https:\/\/linitiative.ca\/International\/wp-json\/wp\/v2\/users\/1813"}],"replies":[{"embeddable":true,"href":"https:\/\/linitiative.ca\/International\/wp-json\/wp\/v2\/comments?post=130973"}],"version-history":[{"count":0,"href":"https:\/\/linitiative.ca\/International\/wp-json\/wp\/v2\/posts\/130973\/revisions"}],"wp:attachment":[{"href":"https:\/\/linitiative.ca\/International\/wp-json\/wp\/v2\/media?parent=130973"}],"wp:term":[{"taxonomy":"category","embeddable":true,"href":"https:\/\/linitiative.ca\/International\/wp-json\/wp\/v2\/categories?post=130973"},{"taxonomy":"post_tag","embeddable":true,"href":"https:\/\/linitiative.ca\/International\/wp-json\/wp\/v2\/tags?post=130973"}],"curies":[{"name":"wp","href":"https:\/\/api.w.org\/{rel}","templated":true}]}}