{"id":130975,"date":"2021-10-25T15:48:56","date_gmt":"2021-10-25T19:48:56","guid":{"rendered":"https:\/\/linitiative.ca\/International\/reprise-du-proces-thomas-sankara\/"},"modified":"2021-10-25T15:48:56","modified_gmt":"2021-10-25T19:48:56","slug":"reprise-du-proces-thomas-sankara","status":"publish","type":"post","link":"https:\/\/linitiative.ca\/International\/reprise-du-proces-thomas-sankara\/","title":{"rendered":"REPRISE DU PROCES THOMAS SANKARA"},"content":{"rendered":"<div>\n<p><img decoding=\"async\" width=\"592\" height=\"296\" src=\"https:\/\/linitiative.ca\/International\/wp-content\/uploads\/sites\/23\/2021\/10\/PROCES.jpg\" class=\"attachment- size- wp-post-image\" alt=\"\" loading=\"lazy\" style=\"float:left; margin:0 15px 15px 0;\" srcset=\"https:\/\/linitiative.ca\/International\/wp-content\/uploads\/sites\/23\/2021\/10\/PROCES.jpg 592w, https:\/\/lepays.bf\/wp-content\/uploads\/2021\/10\/PROCES-300x150.jpg 300w\" sizes=\"auto, (max-width: 592px) 100vw, 592px\">Apr\u00e8s deux semaines de suspension afin de permettre aux avocats commis d\u2019office de s\u2019impr\u00e9gner du volumineux dossier de l\u2019accusation, le proc\u00e8s Thomas Sankara a repris hier, 25 octobre 2021, \u00e0 la salle des banquets de Ouaga 2000. Toutes les parties se sont donc retrouv\u00e9es devant le Tribunal militaire, sans l\u2019ancien pr\u00e9sident Blaise Compaor\u00e9 et sans \u2026<\/p>\n<p>L\u2019article <a rel=\"nofollow\" href=\"https:\/\/lepays.bf\/reprise-du-proces-thomas-sankara\/\">REPRISE DU PROCES THOMAS SANKARA<\/a> est apparu en premier sur <a rel=\"nofollow\" href=\"https:\/\/lepays.bf\/\">Editions Le Pays<\/a>.<\/p>\n<\/div>\n<p>Auteur: Editions LEPAYS<br \/>\n<a href=\"https:\/\/lepays.bf\/reprise-du-proces-thomas-sankara\/\">Cliquez ici pour lire l&rsquo;article depuis sa source.<\/a><\/p>\n","protected":false},"excerpt":{"rendered":"<p>Apr\u00e8s deux semaines de suspension afin de permettre aux avocats commis d\u2019office de s\u2019impr\u00e9gner du volumineux dossier de l\u2019accusation, le proc\u00e8s Thomas Sankara a repris hier, 25 octobre 2021, \u00e0 la salle des banquets de Ouaga 2000. Toutes les parties se sont donc retrouv\u00e9es devant le Tribunal militaire, sans l\u2019ancien pr\u00e9sident Blaise Compaor\u00e9 et sans [&hellip;]<\/p>\n","protected":false},"author":1813,"featured_media":0,"comment_status":"closed","ping_status":"closed","sticky":false,"template":"","format":"standard","meta":{"fifu_image_url":"https:\/\/lepays.bf\/wp-content\/uploads\/2021\/10\/PROCES.jpg","fifu_image_alt":"REPRISE DU PROCES THOMAS SANKARA","footnotes":""},"categories":[73,81],"tags":[],"class_list":["post-130975","post","type-post","status-publish","format-standard","hentry","category-actualite","category-burkina-faso"],"_links":{"self":[{"href":"https:\/\/linitiative.ca\/International\/wp-json\/wp\/v2\/posts\/130975","targetHints":{"allow":["GET"]}}],"collection":[{"href":"https:\/\/linitiative.ca\/International\/wp-json\/wp\/v2\/posts"}],"about":[{"href":"https:\/\/linitiative.ca\/International\/wp-json\/wp\/v2\/types\/post"}],"author":[{"embeddable":true,"href":"https:\/\/linitiative.ca\/International\/wp-json\/wp\/v2\/users\/1813"}],"replies":[{"embeddable":true,"href":"https:\/\/linitiative.ca\/International\/wp-json\/wp\/v2\/comments?post=130975"}],"version-history":[{"count":0,"href":"https:\/\/linitiative.ca\/International\/wp-json\/wp\/v2\/posts\/130975\/revisions"}],"wp:attachment":[{"href":"https:\/\/linitiative.ca\/International\/wp-json\/wp\/v2\/media?parent=130975"}],"wp:term":[{"taxonomy":"category","embeddable":true,"href":"https:\/\/linitiative.ca\/International\/wp-json\/wp\/v2\/categories?post=130975"},{"taxonomy":"post_tag","embeddable":true,"href":"https:\/\/linitiative.ca\/International\/wp-json\/wp\/v2\/tags?post=130975"}],"curies":[{"name":"wp","href":"https:\/\/api.w.org\/{rel}","templated":true}]}}