{"id":130977,"date":"2021-10-25T15:55:26","date_gmt":"2021-10-25T19:55:26","guid":{"rendered":"https:\/\/linitiative.ca\/International\/assises-nationales-maliennes\/"},"modified":"2021-10-25T15:55:26","modified_gmt":"2021-10-25T19:55:26","slug":"assises-nationales-maliennes","status":"publish","type":"post","link":"https:\/\/linitiative.ca\/International\/assises-nationales-maliennes\/","title":{"rendered":"ASSISES NATIONALES MALIENNES  \u00a0"},"content":{"rendered":"<div>\n<p><img decoding=\"async\" width=\"592\" height=\"296\" src=\"https:\/\/linitiative.ca\/International\/wp-content\/uploads\/sites\/23\/2021\/10\/MALI-3.jpg\" class=\"attachment- size- wp-post-image\" alt=\"\" loading=\"lazy\" style=\"float:left; margin:0 15px 15px 0;\" srcset=\"https:\/\/linitiative.ca\/International\/wp-content\/uploads\/sites\/23\/2021\/10\/MALI-3.jpg 592w, https:\/\/lepays.bf\/wp-content\/uploads\/2021\/10\/MALI-3-300x150.jpg 300w\" sizes=\"auto, (max-width: 592px) 100vw, 592px\">Annonc\u00e9es comme la boussole qui permettra aux dirigeants de la Transition malienne de trouver une th\u00e9rapie de choc pour le grand malade qu\u2019est le Mali, les assises nationales ont d\u00e9but\u00e9 le 25 octobre 2021, dans les cercles et communes pour une dur\u00e9e de 6 jours. Elles seront suivies de celles du niveau r\u00e9gional, du district \u2026<\/p>\n<p>L\u2019article <a rel=\"nofollow\" href=\"https:\/\/lepays.bf\/assises-nationales-maliennes\/\">ASSISES NATIONALES MALIENNES  \u00a0<\/a> est apparu en premier sur <a rel=\"nofollow\" href=\"https:\/\/lepays.bf\/\">Editions Le Pays<\/a>.<\/p>\n<\/div>\n<p>Auteur: Editions LEPAYS<br \/>\n<a href=\"https:\/\/lepays.bf\/assises-nationales-maliennes\/\">Cliquez ici pour lire l&rsquo;article depuis sa source.<\/a><\/p>\n","protected":false},"excerpt":{"rendered":"<p>Annonc\u00e9es comme la boussole qui permettra aux dirigeants de la Transition malienne de trouver une th\u00e9rapie de choc pour le grand malade qu\u2019est le Mali, les assises nationales ont d\u00e9but\u00e9 le 25 octobre 2021, dans les cercles et communes pour une dur\u00e9e de 6 jours. Elles seront suivies de celles du niveau r\u00e9gional, du district [&hellip;]<\/p>\n","protected":false},"author":1813,"featured_media":0,"comment_status":"closed","ping_status":"closed","sticky":false,"template":"","format":"standard","meta":{"fifu_image_url":"https:\/\/lepays.bf\/wp-content\/uploads\/2021\/10\/MALI-3.jpg","fifu_image_alt":"ASSISES NATIONALES MALIENNES  \u00a0","footnotes":""},"categories":[73,81],"tags":[],"class_list":["post-130977","post","type-post","status-publish","format-standard","hentry","category-actualite","category-burkina-faso"],"_links":{"self":[{"href":"https:\/\/linitiative.ca\/International\/wp-json\/wp\/v2\/posts\/130977","targetHints":{"allow":["GET"]}}],"collection":[{"href":"https:\/\/linitiative.ca\/International\/wp-json\/wp\/v2\/posts"}],"about":[{"href":"https:\/\/linitiative.ca\/International\/wp-json\/wp\/v2\/types\/post"}],"author":[{"embeddable":true,"href":"https:\/\/linitiative.ca\/International\/wp-json\/wp\/v2\/users\/1813"}],"replies":[{"embeddable":true,"href":"https:\/\/linitiative.ca\/International\/wp-json\/wp\/v2\/comments?post=130977"}],"version-history":[{"count":0,"href":"https:\/\/linitiative.ca\/International\/wp-json\/wp\/v2\/posts\/130977\/revisions"}],"wp:attachment":[{"href":"https:\/\/linitiative.ca\/International\/wp-json\/wp\/v2\/media?parent=130977"}],"wp:term":[{"taxonomy":"category","embeddable":true,"href":"https:\/\/linitiative.ca\/International\/wp-json\/wp\/v2\/categories?post=130977"},{"taxonomy":"post_tag","embeddable":true,"href":"https:\/\/linitiative.ca\/International\/wp-json\/wp\/v2\/tags?post=130977"}],"curies":[{"name":"wp","href":"https:\/\/api.w.org\/{rel}","templated":true}]}}