{"id":130981,"date":"2021-10-25T17:01:49","date_gmt":"2021-10-25T21:01:49","guid":{"rendered":"https:\/\/linitiative.ca\/International\/proces-thomas-sankara-il-faut-la-justice-avant-toute-reconciliation-dominique-zoungrana-dit-convaincu\/"},"modified":"2021-10-25T17:01:49","modified_gmt":"2021-10-25T21:01:49","slug":"proces-thomas-sankara-il-faut-la-justice-avant-toute-reconciliation-dominique-zoungrana-dit-convaincu","status":"publish","type":"post","link":"https:\/\/linitiative.ca\/International\/proces-thomas-sankara-il-faut-la-justice-avant-toute-reconciliation-dominique-zoungrana-dit-convaincu\/","title":{"rendered":"Proc\u00e8s Thomas Sankara  : \u00ab Il faut la justice avant toute r\u00e9conciliation \u00bb, Dominique Zoungrana dit Convaincu"},"content":{"rendered":"<div>\n<p><strong>Dominique Titenga Zoungrana, dit Convaincu, ancien d\u00e9l\u00e9gu\u00e9 des Comit\u00e9s de d\u00e9fense de la r\u00e9volution (CDR), a \u00e9t\u00e9 proche de Thomas Sankara, le p\u00e8re de la R\u00e9volution burkinab\u00e8. Dans cet entretien accord\u00e9 \u00e0 Sidwaya, ce \u00ab convaincu \u00bb de la R\u00e9volution revient sur les p\u00e9rip\u00e9ties de leur amiti\u00e9 et se prononce aussi sur l\u2019ouverture du proc\u00e8s Thomas-Sankara. <\/strong><\/p>\n<p><strong>Sidwaya (S) : Comment est n\u00e9e votre amiti\u00e9 avec le Pr\u00e9sident Thomas Sankara. ? <\/strong><\/p>\n<p><strong>Dominique Titenga Zoungrana (D.T.Z.)<\/strong> : Mon amiti\u00e9 avec le Capitaine Thomas Sankara remonte \u00e0 l\u2019ann\u00e9e 1978 \u00e0 P\u00f4. Avant que je ne vienne \u00e0 Sidwaya, j\u2019ai d\u2019abord travaill\u00e9 avec les volontaires fran\u00e7ais \u00e0 P\u00f4. C\u2019est l\u00e0-bas que j\u2019ai connu le p\u00e8re de la R\u00e9volution burkinab\u00e8. Il y avait un orchestre et nous allions suivre les prestations tous les soirs. Un soir, j\u2019ai approch\u00e9 un militaire et demand\u00e9 \u00e0 rencontrer Thomas. La premi\u00e8re fois, l\u2019homme n\u2019a pas acc\u00e9d\u00e9 \u00e0 ma demande. La seconde fois, j\u2019ai encore demand\u00e9 au m\u00eame militaire que je voulais voir Sankara. C\u2019est l\u00e0 qu\u2019il m\u2019a dit que c\u2019est lui Sankara. Il m\u2019a demand\u00e9 ce que je faisais. Je lui ai dit que j\u2019\u00e9tais un ma\u00e7on. Le lendemain, il est venu voir une maison qu\u2019on r\u00e9fectionnait et il a beaucoup appr\u00e9ci\u00e9. C\u2019est de l\u00e0 qu\u2019est partie notre amiti\u00e9. Et un jour en accompagnant un europ\u00e9en \u00e0 l\u2019a\u00e9roport, je l\u2019aper\u00e7ois en compagnie de Blaise Compaor\u00e9 que je connaissais \u00e0 peine. Je suis all\u00e9 les saluer et Thomas m\u2019a reconnu. Nous avons \u00e9chang\u00e9 quelques minutes et j\u2019ai pris cong\u00e9 d\u2019eux. Mais, c\u2019est quand je suis venu \u00e0 Sidwaya que notre amiti\u00e9 s\u2019est renforc\u00e9e gr\u00e2ce \u00e0 notre directeur feu Paulin Bamouni.<\/p>\n<p><strong>S : Comment appr\u00e9ciiez-vous \u00e0 l\u2019\u00e9poque, la gestion du pouvoir par Thomas Sankara ? <\/strong><\/p>\n<p><strong>D. T. Z.<\/strong> : Sa gestion \u00e9tait irr\u00e9prochable. Mais, je crois qu\u2019il a surtout \u00e9t\u00e9 incompris. Il aimait sinc\u00e8rement son pays et travaillait sans rel\u00e2che pour l\u2019avenir des Burkinab\u00e8 et surtout pour le bien commun. En compagnie des autres leaders de la r\u00e9volution, ils ont pris un certain nombre de d\u00e9cisions pour g\u00e9rer l\u2019appareil d\u2019Etat. Ils n\u2019\u00e9taient pas l\u00e0 pour \u00ab bouffer \u00bb les deniers publics. Les Tribunaux populaires de la R\u00e9volution(TPR) ont \u00e9t\u00e9 ainsi instaur\u00e9s pour lutter contre la corruption. Cette d\u00e9cision, parmi tant d\u2019autres n\u2019avait pas re\u00e7u l\u2019assentiment de tous y compris son propre entourage. C\u2019est ainsi que des dissensions et des incompr\u00e9hensions ont commenc\u00e9 \u00e0 voir le jour. Car, les gens ne parvenaient plus \u00e0 faire leurs petites combines ou \u00e0 dilapider les biens de l\u2019Etat. Par exemple, j\u2019\u00e9tais d\u00e9l\u00e9gu\u00e9 CDR (Comit\u00e9 de d\u00e9fense de la r\u00e9volution, ndlr) ici \u00e0 Sidwaya. A l\u2019\u00e9poque, dans la \u00ab maison commune \u00bb, on ne pouvait pas utiliser l\u2019eau pour laver ni sa mobylette ni sa voiture. Mais, aujourd\u2019hui, de nombreuses personnes regrettent cette gestion rigoureuse.<\/p>\n<p><strong>S : Son assassinat vous a-t-il surpris ?<\/strong><\/p>\n<p><strong> D. T. Z.<\/strong> : Sa mort ne m\u2019a pas surpris. Car, il y avait au sommet de l\u2019Etat des clans oppos\u00e9s. Celui de Blaise Compaor\u00e9 et celui de Thomas Sankara. J\u2019\u00e9tais proche de Paulin Bamouni. Alors \u00e0 la descente du travail, je le rejoignais \u00e0 la pr\u00e9sidence. Et, je sentais d\u00e9j\u00e0 des querelles id\u00e9ologiques. Il y avait ceux-l\u00e0 qui se r\u00e9clamaient de Marx et L\u00e9nine, d\u2019autres de Mao, etc. S : Comment appr\u00e9ciez-vous la tenue du proc\u00e8s Thomas Sankara tant attendu par de nombreux Burkinab\u00e8 ? D. T. Z. : J\u2019ai \u00e9t\u00e9 tr\u00e8s heureux d\u2019apprendre l\u2019ouverture du proc\u00e8s. Je suis un mordu de Thomas Sankara et je ne manquais pas de le faire savoir dans toutes mes interviews. Et petit \u00e0 petit que ce soit dans les cadres formels ou informels, d\u2019autres burkinab\u00e8 m\u2019ont emboit\u00e9 le pas. Pour moi, c\u2019est donc une victoire et un soulagement de voir ce proc\u00e8s s\u2019ouvrir. Aujourd\u2019hui, je suis fier de m\u2019habiller en Faso dan fani et ce, gr\u00e2ce \u00e0 Thomas Sankara.<\/p>\n<p><strong> S : Pensez-vous que l\u2019aboutissement de ce proc\u00e8s pourra contribuer \u00e0 la r\u00e9conciliation nationale ? <\/strong><\/p>\n<p><strong>D. T. Z<\/strong>. : Si ce proc\u00e8s s\u2019ach\u00e8ve et que justice est rendue \u00e0 Thomas Sankara et ses compagnons, je pense que toutes les parties prenantes peuvent s\u2019\u00e9couter, se pardonner et aller \u00e0 la r\u00e9conciliation nationale. Mais, il faut d\u2019abord la justice avant toute forme de r\u00e9conciliation. S : Croyez-vous que malgr\u00e9 l\u2019absence de Blaise Compar\u00e9 et de Hyacinthe Kafando on peut conna\u00eetre la v\u00e9rit\u00e9 dans ce proc\u00e8s ? D. T. Z. : Non, on ne peut pas conna\u00eetre la v\u00e9rit\u00e9 puisque ce sont les deux cerveaux de l\u2019affaire. Je les ai c\u00f4toy\u00e9s pendant longtemps mais, si c\u2019est Kafando qui a conduit le commando pour aller tuer Sankara, j\u2019ai des inqui\u00e9tudes par rapport \u00e0 la v\u00e9rit\u00e9 dans ce proc\u00e8s. Le souhait est que les deux soient pr\u00e9sents car leur absence n\u2019est pas bien pour le d\u00e9roulement du proc\u00e8s.<\/p>\n<p style=\"text-align: right\"><strong>Interview r\u00e9alis\u00e9e par <\/strong><\/p>\n<p style=\"text-align: right\"><strong>Souma\u00efla BONKOUNGO<\/strong><\/p>\n<p>L\u2019article <a rel=\"nofollow\" href=\"https:\/\/www.sidwaya.info\/blog\/2021\/10\/25\/proces-thomas-sankara-il-faut-la-justice-avant-toute-reconciliation-dominique-zoungrana-dit-convaincu\/\">Proc\u00e8s Thomas Sankara  : \u00ab Il faut la justice avant toute r\u00e9conciliation \u00bb, Dominique Zoungrana dit Convaincu<\/a> est apparu en premier sur <a rel=\"nofollow\" href=\"https:\/\/www.sidwaya.info\/\">Quotidien Sidwaya<\/a>.<\/p>\n<\/div>\n<p>Auteur: JK. Sidwaya<br \/>\n<a href=\"https:\/\/www.sidwaya.info\/blog\/2021\/10\/25\/proces-thomas-sankara-il-faut-la-justice-avant-toute-reconciliation-dominique-zoungrana-dit-convaincu\/\">Cliquez ici pour lire l&rsquo;article depuis sa source.<\/a><\/p>\n","protected":false},"excerpt":{"rendered":"<p>Dominique Titenga Zoungrana, dit Convaincu, ancien d\u00e9l\u00e9gu\u00e9 des Comit\u00e9s de d\u00e9fense de la r\u00e9volution (CDR), a \u00e9t\u00e9 proche de Thomas Sankara, le p\u00e8re de la R\u00e9volution burkinab\u00e8. Dans cet entretien accord\u00e9 \u00e0 Sidwaya, ce \u00ab convaincu \u00bb de la R\u00e9volution revient sur les p\u00e9rip\u00e9ties de leur amiti\u00e9 et se prononce aussi sur l\u2019ouverture du proc\u00e8s [&hellip;]<\/p>\n","protected":false},"author":1816,"featured_media":0,"comment_status":"closed","ping_status":"closed","sticky":false,"template":"","format":"standard","meta":{"fifu_image_url":"","fifu_image_alt":"","footnotes":""},"categories":[73,81],"tags":[],"class_list":["post-130981","post","type-post","status-publish","format-standard","hentry","category-actualite","category-burkina-faso"],"_links":{"self":[{"href":"https:\/\/linitiative.ca\/International\/wp-json\/wp\/v2\/posts\/130981","targetHints":{"allow":["GET"]}}],"collection":[{"href":"https:\/\/linitiative.ca\/International\/wp-json\/wp\/v2\/posts"}],"about":[{"href":"https:\/\/linitiative.ca\/International\/wp-json\/wp\/v2\/types\/post"}],"author":[{"embeddable":true,"href":"https:\/\/linitiative.ca\/International\/wp-json\/wp\/v2\/users\/1816"}],"replies":[{"embeddable":true,"href":"https:\/\/linitiative.ca\/International\/wp-json\/wp\/v2\/comments?post=130981"}],"version-history":[{"count":0,"href":"https:\/\/linitiative.ca\/International\/wp-json\/wp\/v2\/posts\/130981\/revisions"}],"wp:attachment":[{"href":"https:\/\/linitiative.ca\/International\/wp-json\/wp\/v2\/media?parent=130981"}],"wp:term":[{"taxonomy":"category","embeddable":true,"href":"https:\/\/linitiative.ca\/International\/wp-json\/wp\/v2\/categories?post=130981"},{"taxonomy":"post_tag","embeddable":true,"href":"https:\/\/linitiative.ca\/International\/wp-json\/wp\/v2\/tags?post=130981"}],"curies":[{"name":"wp","href":"https:\/\/api.w.org\/{rel}","templated":true}]}}