{"id":130982,"date":"2021-10-25T17:21:41","date_gmt":"2021-10-25T21:21:41","guid":{"rendered":"https:\/\/linitiative.ca\/International\/reforme-de-la-formation-professionnelle-lensp-bobo-signe-une-convention-avec-luniversite-nazi-boni\/"},"modified":"2021-10-25T17:21:41","modified_gmt":"2021-10-25T21:21:41","slug":"reforme-de-la-formation-professionnelle-lensp-bobo-signe-une-convention-avec-luniversite-nazi-boni","status":"publish","type":"post","link":"https:\/\/linitiative.ca\/International\/reforme-de-la-formation-professionnelle-lensp-bobo-signe-une-convention-avec-luniversite-nazi-boni\/","title":{"rendered":"Reforme de la formation professionnelle  : L\u2019ENSP-Bobo signe une convention avec l\u2019Universit\u00e9 Nazi-Boni"},"content":{"rendered":"<div>\n<p><strong>L\u2019Ecole nationale de sant\u00e9 publique (ENSP) et l\u2019Universit\u00e9 Nazi-Boni de Bobo-Dioulasso (UNB) ont sign\u00e9, le samedi 23 octobre 2021 dans la cit\u00e9 de Sya, une convention-cadre de partenariat entre les deux \u00e9tablissements. Cette convention leur permettra de mutualiser les forces afin de r\u00e9pondre aux besoins actuels du march\u00e9 de l\u2019emploi. <\/strong><\/p>\n<p>Afin de r\u00e9pondre \u00e0 l\u2019engagement du gouvernement burkinab\u00e8 de r\u00e9former le syst\u00e8me de formation professionnelle pour l\u2019arrimer au syst\u00e8me acad\u00e9mique, l\u2019Ecole nationale de sant\u00e9 publique (ENSP) et l\u2019Universit\u00e9 Nazi-Boni de Bobo-Dioulasso (UNB) ont sign\u00e9, le samedi 23 octobre 2021 dans la ville de Sya, une convention-cadre. Cette convention permettra aux deux structures de mutualiser leurs forces afin de r\u00e9pondre aux besoins actuels du march\u00e9 de l\u2019emploi. Elle prend en compte les ENSP de Bobo-Dioulasso, Banfora, Gaoua et D\u00e9dougou. Cette universitarisation va toucher deux fili\u00e8res. Ce sont les sciences infirmi\u00e8res et obst\u00e9tricales et la biologie m\u00e9dicale. Selon les signataires, ce partenariat entre les deux \u00e9tablissements couvre, entre autres, l\u2019organisation des offres de formation selon le syst\u00e8me universitaire, la mutualisation des infrastructures et \u00e9quipements de formation, la participation de l\u2019UNB aux activit\u00e9s acad\u00e9miques et p\u00e9dagogiques de l\u2019ENSP, la d\u00e9livrance des dipl\u00f4mes selon les normes propres \u00e0 chaque institution.<\/p>\n<p>Il est \u00e9galement pr\u00e9vu la mise en place d\u2019un comit\u00e9 bipartite qui va se charger de la mise en \u0153uvre et du suivi des termes de la convention. Le Directeur g\u00e9n\u00e9ral (DG) de l\u2019ENSP, Dr Pargui Emile Par\u00e9, a soulign\u00e9 que depuis trois ans, son \u00e9quipe est \u00e0 pied d\u2019\u0153uvre pour l\u2019universitarisation des dipl\u00f4mes de l\u2019ENSP. L\u2019ENSP travaillait d\u00e9j\u00e0 avec les universit\u00e9s Joseph-Ki-Zerbo et Nazi-Boni, mais de fa\u00e7on non-structur\u00e9e, a-t-il soulign\u00e9. Selon Dr Pargui Emile Par\u00e9, au cours de ce processus d\u2019universitarisation, tous les curricula ont \u00e9t\u00e9 mis en format LMD (Licence-Master-Doctorat) pour \u00eatre propos\u00e9s aux deux universit\u00e9s. \u00ab Les promotions seront recrut\u00e9es avec un niveau baccalaur\u00e9at. Les promotions 2021-2022 auront donc le statut d\u2019\u00e9tudiants \u00e9voluant selon le syst\u00e8me LMD. Les \u00e9tudiants seront d\u00e9sormais form\u00e9s par les enseignants des universit\u00e9s en ce qui concerne les mati\u00e8res scientifiques \u00bb, a-t-il fait savoir, ajoutant que les promotions sortiront de l\u2019\u00e9cole avec une licence en sciences infirmi\u00e8res, en sciences obst\u00e9tricales ou en biologie, reconnue partout dans le monde. \u00ab Les dipl\u00f4m\u00e9s auront la possibilit\u00e9 de poursuivre plus tard un master ou un doctorat en sciences infirmi\u00e8res \u00bb, a-t-il annonc\u00e9.<\/p>\n<h2><strong>Des dipl\u00f4mes reconnus \u00e0 l\u2019international<\/strong><\/h2>\n<p>Cependant, Dr Emile Par\u00e9 a d\u00e9plor\u00e9 la r\u00e9ticence de certains m\u00e9decins et pharmaciens \u00e0 cautionner cette universitarisation estimant \u00eatre les \u00ab seuls \u00e0 porter le titre de docteur \u00bb. Pour lui, ce d\u00e9bat ne devrait pas se poser. Car, a-t-il soutenu, le doctorat en sciences infirmi\u00e8res existe au Canada, en France, aux Etats-Unis \u2026 Au regard de ses capacit\u00e9s, ses ressources humaines et universitaires, a martel\u00e9 Dr Par\u00e9, le Burkina Faso, doit former d\u00e9sormais des docteurs en sciences infirmi\u00e8res et en sciences obst\u00e9tricales. Pour sa part, le pr\u00e9sident de l\u2019Universit\u00e9 Nazi-Boni, Pr Macaire Ou\u00e9draogo, a affirm\u00e9 que le monde est dans une \u00e8re de mondialisation qui implique l\u2019harmonisation des curricula afin de faciliter la libre circulation des \u00e9tudiants et des enseignants entre institutions d\u2019enseignement. L\u2019universitarisation de certaines fili\u00e8res de l\u2019ENSP, \u00e0 en croire Pr Macaire Ou\u00e9draogo, devrait permettre l\u2019octroi de dipl\u00f4mes universitaires offrant aux b\u00e9n\u00e9ficiaires un parchemin reconnu sur le plan international. La ratification de cette convention va encore \u00e9lever le niveau d\u2019excellence et de qualit\u00e9 voulu par la direction g\u00e9n\u00e9rale de l\u2019ENSP, a-t-il fait savoir. \u00ab Avec des curricula harmonis\u00e9s et des parcours bien connus, les dipl\u00f4mes devraient \u00eatre reconnus et les dipl\u00f4m\u00e9s devraient b\u00e9n\u00e9ficier d\u2019une facilit\u00e9 de mobilit\u00e9 \u00bb, foi de Macaire Ou\u00e9draogo.<\/p>\n<p style=\"text-align: right\"><strong> Boudayinga J-M THIENON <\/strong><\/p>\n<p>L\u2019article <a rel=\"nofollow\" href=\"https:\/\/www.sidwaya.info\/blog\/2021\/10\/25\/reforme-de-la-formation-professionnelle-lensp-bobo-signe-une-convention-avec-luniversite-nazi-boni\/\">Reforme de la formation professionnelle  : L\u2019ENSP-Bobo signe une convention avec l\u2019Universit\u00e9 Nazi-Boni<\/a> est apparu en premier sur <a rel=\"nofollow\" href=\"https:\/\/www.sidwaya.info\/\">Quotidien Sidwaya<\/a>.<\/p>\n<\/div>\n<p>Auteur: JK. Sidwaya<br \/>\n<a href=\"https:\/\/www.sidwaya.info\/blog\/2021\/10\/25\/reforme-de-la-formation-professionnelle-lensp-bobo-signe-une-convention-avec-luniversite-nazi-boni\/\">Cliquez ici pour lire l&rsquo;article depuis sa source.<\/a><\/p>\n","protected":false},"excerpt":{"rendered":"<p>L\u2019Ecole nationale de sant\u00e9 publique (ENSP) et l\u2019Universit\u00e9 Nazi-Boni de Bobo-Dioulasso (UNB) ont sign\u00e9, le samedi 23 octobre 2021 dans la cit\u00e9 de Sya, une convention-cadre de partenariat entre les deux \u00e9tablissements. Cette convention leur permettra de mutualiser les forces afin de r\u00e9pondre aux besoins actuels du march\u00e9 de l\u2019emploi. Afin de r\u00e9pondre \u00e0 l\u2019engagement [&hellip;]<\/p>\n","protected":false},"author":1816,"featured_media":0,"comment_status":"closed","ping_status":"closed","sticky":false,"template":"","format":"standard","meta":{"fifu_image_url":"","fifu_image_alt":"","footnotes":""},"categories":[73,81],"tags":[],"class_list":["post-130982","post","type-post","status-publish","format-standard","hentry","category-actualite","category-burkina-faso"],"_links":{"self":[{"href":"https:\/\/linitiative.ca\/International\/wp-json\/wp\/v2\/posts\/130982","targetHints":{"allow":["GET"]}}],"collection":[{"href":"https:\/\/linitiative.ca\/International\/wp-json\/wp\/v2\/posts"}],"about":[{"href":"https:\/\/linitiative.ca\/International\/wp-json\/wp\/v2\/types\/post"}],"author":[{"embeddable":true,"href":"https:\/\/linitiative.ca\/International\/wp-json\/wp\/v2\/users\/1816"}],"replies":[{"embeddable":true,"href":"https:\/\/linitiative.ca\/International\/wp-json\/wp\/v2\/comments?post=130982"}],"version-history":[{"count":0,"href":"https:\/\/linitiative.ca\/International\/wp-json\/wp\/v2\/posts\/130982\/revisions"}],"wp:attachment":[{"href":"https:\/\/linitiative.ca\/International\/wp-json\/wp\/v2\/media?parent=130982"}],"wp:term":[{"taxonomy":"category","embeddable":true,"href":"https:\/\/linitiative.ca\/International\/wp-json\/wp\/v2\/categories?post=130982"},{"taxonomy":"post_tag","embeddable":true,"href":"https:\/\/linitiative.ca\/International\/wp-json\/wp\/v2\/tags?post=130982"}],"curies":[{"name":"wp","href":"https:\/\/api.w.org\/{rel}","templated":true}]}}