{"id":130984,"date":"2021-10-25T15:16:43","date_gmt":"2021-10-25T19:16:43","guid":{"rendered":"https:\/\/linitiative.ca\/International\/cameroun-ulrich-takam-retenu-pour-promouvoir-les-bienfaits-de-lassurance\/"},"modified":"2021-10-25T15:16:43","modified_gmt":"2021-10-25T19:16:43","slug":"cameroun-ulrich-takam-retenu-pour-promouvoir-les-bienfaits-de-lassurance","status":"publish","type":"post","link":"https:\/\/linitiative.ca\/International\/cameroun-ulrich-takam-retenu-pour-promouvoir-les-bienfaits-de-lassurance\/","title":{"rendered":"Cameroun : Ulrich Takam retenu pour promouvoir les bienfaits de l\u2019assurance"},"content":{"rendered":"<div>\n<p><img loading=\"lazy\" decoding=\"async\" width=\"224\" height=\"225\" src=\"https:\/\/linitiative.ca\/International\/wp-content\/uploads\/sites\/23\/2021\/10\/Ulrich-takam-2.jpg\" class=\"attachment-post-thumbnail size-post-thumbnail wp-post-image\" alt=\"\" srcset=\"https:\/\/linitiative.ca\/International\/wp-content\/uploads\/sites\/23\/2021\/10\/Ulrich-takam-2.jpg 224w, https:\/\/www.journalducameroun.com\/wp-content\/uploads\/2021\/10\/Ulrich-takam-2-150x150.jpg 150w, https:\/\/www.journalducameroun.com\/wp-content\/uploads\/2021\/10\/Ulrich-takam-2-60x60.jpg 60w, https:\/\/www.journalducameroun.com\/wp-content\/uploads\/2021\/10\/Ulrich-takam-2-100x100.jpg 100w\" sizes=\"auto, (max-width: 224px) 100vw, 224px\"><\/p>\n<p><strong>D\u00e8s le 29 octobre, l\u2019humoriste sera l\u2019acteur principal d\u2019une web-s\u00e9rie, qui prend la forme d\u2019un journal d\u2019information t\u00e9l\u00e9vis\u00e9 qui vise \u00e0 vulgariser les produits d\u2019assurance.<\/strong><\/p>\n<p>\u00a0<\/p>\n<p>Un nouveau challenge dans la carri\u00e8re de l\u2019artiste, r\u00e9v\u00e9l\u00e9 au grand public il y a quelques ann\u00e9es par son talent d\u2019acteur dans les s\u00e9ries diffus\u00e9es sur la toile. La compagnie <strong>Les mutuelles r\u00e9unies assurance<\/strong> (LMRA) annonce ce jour qu\u2019elle s\u2019est \u00a0attach\u00e9e des services du com\u00e9dien de 27 ans.<\/p>\n<p>D\u00e8s le 29 octobre prochain dans une Web-s\u00e9rie, \u00a0<strong>Ulrich Gildas Tchinde Takam<\/strong> sera \u00e0 la pr\u00e9sentation d\u2019un journal d\u2019information qui vise \u00e0 vulgariser les <strong>produits d\u2019assurance<\/strong>. Le but, apprend-t-on, \u00a0est \u00a0de r\u00e9duire voire abolir la faible culture d\u2019assurance, \u00a0l\u2019un des facteurs socio\u00e9conomique qui influence n\u00e9gativement la demande des produits d\u2019assurance en Afrique et en particulier au Cameroun.<\/p>\n<p>La <strong>Web-s\u00e9rie<\/strong> est intitul\u00e9e \u00ab<strong> <em>le journal de l\u2019assur\u00e9<\/em> <\/strong>\u00bb. Elle est s\u00e9quenc\u00e9e en neuf \u00e9pisodes, donc une diffus\u00e9e par semaine. Vendredi, la premi\u00e8re est annonc\u00e9e \u00e0 19h30 sur la page Facebook de <strong>LMR<\/strong>. Compagnie d\u2019assurance \u00a0qui revendique 42 ans d\u2019exp\u00e9rience dans le domaine des assurances.<\/p>\n<p>Cet article <a rel=\"nofollow\" href=\"https:\/\/www.journalducameroun.com\/cameroun-ulrich-takam-retenu-pour-promouvoir-les-bienfaits-de-lassurance-cameroun\/\">Cameroun : Ulrich Takam retenu pour promouvoir les bienfaits de l\u2019assurance<\/a> est apparu en premier sur <a rel=\"nofollow\" href=\"https:\/\/www.journalducameroun.com\/\">Journal du Cameroun<\/a>.<\/p>\n<\/div>\n<p>Auteur: Christian DJIMADEU<br \/>\n<a href=\"https:\/\/www.journalducameroun.com\/cameroun-ulrich-takam-retenu-pour-promouvoir-les-bienfaits-de-lassurance-cameroun\/\">Cliquez ici pour lire l&rsquo;article depuis sa source.<\/a><\/p>\n","protected":false},"excerpt":{"rendered":"<p>D\u00e8s le 29 octobre, l\u2019humoriste sera l\u2019acteur principal d\u2019une web-s\u00e9rie, qui prend la forme d\u2019un journal d\u2019information t\u00e9l\u00e9vis\u00e9 qui vise \u00e0 vulgariser les produits d\u2019assurance. \u00a0 Un nouveau challenge dans la carri\u00e8re de l\u2019artiste, r\u00e9v\u00e9l\u00e9 au grand public il y a quelques ann\u00e9es par son talent d\u2019acteur dans les s\u00e9ries diffus\u00e9es sur la toile. La [&hellip;]<\/p>\n","protected":false},"author":1965,"featured_media":0,"comment_status":"closed","ping_status":"closed","sticky":false,"template":"","format":"standard","meta":{"fifu_image_url":"https:\/\/www.journalducameroun.com\/wp-content\/uploads\/2021\/10\/Ulrich-takam-2.jpg","fifu_image_alt":"Cameroun : Ulrich Takam retenu pour promouvoir les bienfaits de l\u2019assurance","footnotes":""},"categories":[73,82],"tags":[],"class_list":["post-130984","post","type-post","status-publish","format-standard","hentry","category-actualite","category-cameroun"],"_links":{"self":[{"href":"https:\/\/linitiative.ca\/International\/wp-json\/wp\/v2\/posts\/130984","targetHints":{"allow":["GET"]}}],"collection":[{"href":"https:\/\/linitiative.ca\/International\/wp-json\/wp\/v2\/posts"}],"about":[{"href":"https:\/\/linitiative.ca\/International\/wp-json\/wp\/v2\/types\/post"}],"author":[{"embeddable":true,"href":"https:\/\/linitiative.ca\/International\/wp-json\/wp\/v2\/users\/1965"}],"replies":[{"embeddable":true,"href":"https:\/\/linitiative.ca\/International\/wp-json\/wp\/v2\/comments?post=130984"}],"version-history":[{"count":0,"href":"https:\/\/linitiative.ca\/International\/wp-json\/wp\/v2\/posts\/130984\/revisions"}],"wp:attachment":[{"href":"https:\/\/linitiative.ca\/International\/wp-json\/wp\/v2\/media?parent=130984"}],"wp:term":[{"taxonomy":"category","embeddable":true,"href":"https:\/\/linitiative.ca\/International\/wp-json\/wp\/v2\/categories?post=130984"},{"taxonomy":"post_tag","embeddable":true,"href":"https:\/\/linitiative.ca\/International\/wp-json\/wp\/v2\/tags?post=130984"}],"curies":[{"name":"wp","href":"https:\/\/api.w.org\/{rel}","templated":true}]}}