{"id":130988,"date":"2021-10-25T15:18:02","date_gmt":"2021-10-25T19:18:02","guid":{"rendered":"https:\/\/linitiative.ca\/International\/cote-divoire-des-femmes-instruites-sur-lhydrocephalie-et-le-spina-bifida\/"},"modified":"2021-10-25T15:18:02","modified_gmt":"2021-10-25T19:18:02","slug":"cote-divoire-des-femmes-instruites-sur-lhydrocephalie-et-le-spina-bifida","status":"publish","type":"post","link":"https:\/\/linitiative.ca\/International\/cote-divoire-des-femmes-instruites-sur-lhydrocephalie-et-le-spina-bifida\/","title":{"rendered":"C\u00f4te d\u2019Ivoire: des femmes instruites sur l\u2019hydroc\u00e9phalie et le Spina Bifida"},"content":{"rendered":"<div>\n<p><img loading=\"lazy\" decoding=\"async\" width=\"1080\" height=\"607\" src=\"https:\/\/linitiative.ca\/International\/wp-content\/uploads\/sites\/23\/2021\/10\/16351894821735.jpg\" class=\"attachment-post-thumbnail size-post-thumbnail wp-post-image\" alt=\"\" srcset=\"https:\/\/linitiative.ca\/International\/wp-content\/uploads\/sites\/23\/2021\/10\/16351894821735.jpg 1080w, https:\/\/www.journalducameroun.com\/wp-content\/uploads\/2021\/10\/16351894821735-300x169.jpg 300w, https:\/\/www.journalducameroun.com\/wp-content\/uploads\/2021\/10\/16351894821735-768x432.jpg 768w, https:\/\/www.journalducameroun.com\/wp-content\/uploads\/2021\/10\/16351894821735-1024x576.jpg 1024w, https:\/\/www.journalducameroun.com\/wp-content\/uploads\/2021\/10\/16351894821735-380x215.jpg 380w, https:\/\/www.journalducameroun.com\/wp-content\/uploads\/2021\/10\/16351894821735-160x90.jpg 160w, https:\/\/www.journalducameroun.com\/wp-content\/uploads\/2021\/10\/16351894821735-240x135.jpg 240w, https:\/\/www.journalducameroun.com\/wp-content\/uploads\/2021\/10\/16351894821735-783x440.jpg 783w, https:\/\/www.journalducameroun.com\/wp-content\/uploads\/2021\/10\/16351894821735-600x337.jpg 600w\" sizes=\"auto, (max-width: 1080px) 100vw, 1080px\"><\/p>\n<p>L&rsquo;ONG ivoirienne Esperance&rsquo;S Hope a entretenu, ce week-end, \u00e0 Yamoussoukro, des femmes sur l&rsquo;hydroc\u00e9phalie et le Spina Bifida, deux maladies invalidantes qui touchent les enfants de 0 \u00e0 2 ans.<\/p>\n<p>L&rsquo;h\u00f4pital catholique Saint-Joseph Moscati de Yamoussoukro, a servi de cadre d&rsquo;accueil de cette session de sensibilisation. Ce 22 octobre 2021, a eu lieu une s\u00e9rie de conf\u00e9rences, suivie le lendemain d&rsquo;une journ\u00e9e de consultation et de d\u00e9pistage.\u00a0<\/p>\n<p>La deuxi\u00e8me journ\u00e9e a consist\u00e9 notamment en des consultations pour le d\u00e9pistage de maladies du syst\u00e8me nerveux et plusieurs autres handicaps psycho-moteurs avec des enfants autistes ou atteints d&rsquo;infirmit\u00e9s motrices c\u00e9r\u00e9brales.<\/p>\n<p>\u00a0Ces activit\u00e9s, organis\u00e9es en partenariat avec l&rsquo;h\u00f4pital Saint-Joseph Moscati et d&rsquo;autres structures, interviennent en pr\u00e9lude \u00e0 la Journ\u00e9e internationale de lutte contre le Spina Bifida et l&rsquo;hydroc\u00e9phalie, pr\u00e9vue ce 25 octobre 2021.<\/p>\n<p>Les conf\u00e9rences, qui se sont d\u00e9roul\u00e9es en pr\u00e9sence du pr\u00e9fet de la r\u00e9gion de Yamoussoukro Brou Kouam\u00e9 et du vice-gouverneur du District de Yamoussoukro Kon\u00e9 Drissa, ont permis de mieux comprendre les handicaps issus de ces maladies.<\/p>\n<p>Facteurs de risque\u00a0<\/p>\n<p>La pr\u00e9sidente de l&rsquo;ONG Esperance&rsquo;S Hope, le professeur Esp\u00e9rance Broalet, Ma\u00eetre de Conf\u00e9rence agr\u00e9g\u00e9e \u00e0 l&rsquo;Universit\u00e9 Alassane Ouattara de Bouak\u00e9 et neurochirurgienne, charg\u00e9e de la p\u00e9diatrie, a expliqu\u00e9 ces deux maladies infantiles.<\/p>\n<p>Le Spina Bifida, dira-t-elle, est une \u00ab\u00a0malformation, une anomalie cong\u00e9nitale qui va toucher la colonne vert\u00e9brale et les structures nerveuses\u00a0\u00bb. Il s&rsquo;agit d&rsquo;une anomalie de fermeture du tube neural (syst\u00e8me nerveux primitif du b\u00e9b\u00e9 qui sous forme d&rsquo;un tube, au d\u00e9but, \u00a0va par la suite, au niveau du cr\u00e2ne se dilater pour donner le cerveau).\u00a0<\/p>\n<p>Quant \u00e0 l&rsquo;hydroc\u00e9phalie, elle est une dilatation de structures contenues dans le cerceau qui contiennent du liquide. Ce liquide fabriquer va circuler et se r\u00e9sorber \u00e0 certains endroits.<\/p>\n<p>Mais, quand il y a un trop plein de fabrication et que la r\u00e9sorbassion ne se fait pas, ce liquide va s&rsquo;accumuler dans cette cavit\u00e9 et entra\u00eener une dilatation, a relev\u00e9 professeur Esp\u00e9rance Broalet.<\/p>\n<p>A la suite de ces d\u00e9finitions, elle a fait observer qu&rsquo;il y a des facteurs de risque de ces maladies, des facteurs g\u00e9ographiques, familiaux, environnementaux, alimentaires et la cause la plus r\u00e9pandue est la carence en acide folique (vitamine B9).<\/p>\n<p>Cette vitamine, selon le professeur Esp\u00e9rance Broalet, va rentrer dans La constitution du syst\u00e8me nerveux. De ce fait, une carence va cr\u00e9er une anomalie. C&rsquo;est pourquoi l&rsquo;acide folique est donn\u00e9e aux femmes enceintes.<\/p>\n<p>\u00ab\u00a0Le probl\u00e8me est que cette acide folique est donn\u00e9e quand la femme a d\u00e9j\u00e0 trois mois de grossesse alors que la maladie survient au premier mois\u00a0\u00bb, a indiqu\u00e9 le professeur Esp\u00e9rance Broalet.<\/p>\n<p>\u00ab\u00a0Notre message est de faire en sorte que ce compl\u00e9ment d&rsquo;acide folique soit donn\u00e9 avant la conception de la grossesse\u00a0\u00bb ou lors du projet de grossesse, a-t-elle poursuivi.<\/p>\n<p>Prise en charge \u00a0<\/p>\n<p>L&rsquo;organisation fl\u00e9chit sur un projet de prise en charge de ces pathologies, notamment des subventions sous forme de bourse sanitaire, o\u00f9 des partenaires auront \u00e0 prendre part \u00e0 des packs.<\/p>\n<p>\u00ab\u00a0On souhaiterait trouver des partenaires qui vont offrir des bourses sanitaires soit 60.000 Fcfa, 100.000 Fcfa ou 200.000 Fcfa\u00a0\u00bb, des montants qui devraient permettre d&rsquo;assister les enfants malades. \u00a0<\/p>\n<p>La s\u00e9ance de consultation a regroup\u00e9 des enfants frapp\u00e9s de surdit\u00e9, des enfants \u00a0sous-muets. Pr\u00e8s d&rsquo;une cinquantaine d&rsquo;enfants consult\u00e9s ont vu des m\u00e9decins mais n&rsquo;ont pas pu faire les examens prescrits pour avoir un diagnostic et faciliter la prise en charge pour d\u00e9faut de moyen financier.<\/p>\n<p>Parfois, fera remarquer professeur Broalet, les examens n&rsquo;existent pas dans la localit\u00e9 o\u00f9 plusieurs enfants se trouvent. Les parents sont contraints \u00e0 aller dans les principales villes du pays pour faire le diagnostic (scanner, \u00e9chographie&#8230;).<\/p>\n<p>Esperance&rsquo;S HOPE, une association \u00e0 but non lucratif et apolitique regroupant des patients, des parents de patients, des professionnels de sant\u00e9, des non professionnels de sant\u00e9, aide les enfants malades atteints d&rsquo;hydroc\u00e9phalie et de malformation du tube neural, les enfants en situation de handicap et orphelins.<\/p>\n<p>Ses sessions de sensibilisation ont pour but de faciliter l&rsquo;acc\u00e8s \u00e0 l&rsquo;information, de permettre \u00e0 toutes les femmes en \u00e2ge de procr\u00e9er, les femmes enceintes et allaitantes de d\u00e9pister pr\u00e9cocement l&rsquo;augmentation du volume cr\u00e2nien de leurs enfants.<\/p>\n<p>La ville de Bonoua, situ\u00e9e dans le Sud-est de la C\u00f4te d&rsquo;Ivoire, a accueilli ce 25 octobre 2021 l&rsquo;\u00e9dition 2021 de la Journ\u00e9e internationale du Spina Bifida et l&rsquo;hydroc\u00e9phalie.\u00a0<\/p>\n<p>Cet article <a rel=\"nofollow\" href=\"https:\/\/www.journalducameroun.com\/cote-divoire-des-femmes-instruites-sur-lhydrocephalie-et-le-spina-bifida\/\">C\u00f4te d\u2019Ivoire: des femmes instruites sur l\u2019hydroc\u00e9phalie et le Spina Bifida<\/a> est apparu en premier sur <a rel=\"nofollow\" href=\"https:\/\/www.journalducameroun.com\/\">Journal du Cameroun<\/a>.<\/p>\n<\/div>\n<p>Auteur: APA News<br \/>\n<a href=\"https:\/\/www.journalducameroun.com\/cote-divoire-des-femmes-instruites-sur-lhydrocephalie-et-le-spina-bifida\/\">Cliquez ici pour lire l&rsquo;article depuis sa source.<\/a><\/p>\n","protected":false},"excerpt":{"rendered":"<p>L&rsquo;ONG ivoirienne Esperance&rsquo;S Hope a entretenu, ce week-end, \u00e0 Yamoussoukro, des femmes sur l&rsquo;hydroc\u00e9phalie et le Spina Bifida, deux maladies invalidantes qui touchent les enfants de 0 \u00e0 2 ans. L&rsquo;h\u00f4pital catholique Saint-Joseph Moscati de Yamoussoukro, a servi de cadre d&rsquo;accueil de cette session de sensibilisation. Ce 22 octobre 2021, a eu lieu une s\u00e9rie [&hellip;]<\/p>\n","protected":false},"author":1965,"featured_media":0,"comment_status":"closed","ping_status":"closed","sticky":false,"template":"","format":"standard","meta":{"fifu_image_url":"https:\/\/www.journalducameroun.com\/wp-content\/uploads\/2021\/10\/16351894821735.jpg","fifu_image_alt":"C\u00f4te d\u2019Ivoire: des femmes instruites sur l\u2019hydroc\u00e9phalie et le Spina Bifida","footnotes":""},"categories":[73,82],"tags":[],"class_list":["post-130988","post","type-post","status-publish","format-standard","hentry","category-actualite","category-cameroun"],"_links":{"self":[{"href":"https:\/\/linitiative.ca\/International\/wp-json\/wp\/v2\/posts\/130988","targetHints":{"allow":["GET"]}}],"collection":[{"href":"https:\/\/linitiative.ca\/International\/wp-json\/wp\/v2\/posts"}],"about":[{"href":"https:\/\/linitiative.ca\/International\/wp-json\/wp\/v2\/types\/post"}],"author":[{"embeddable":true,"href":"https:\/\/linitiative.ca\/International\/wp-json\/wp\/v2\/users\/1965"}],"replies":[{"embeddable":true,"href":"https:\/\/linitiative.ca\/International\/wp-json\/wp\/v2\/comments?post=130988"}],"version-history":[{"count":0,"href":"https:\/\/linitiative.ca\/International\/wp-json\/wp\/v2\/posts\/130988\/revisions"}],"wp:attachment":[{"href":"https:\/\/linitiative.ca\/International\/wp-json\/wp\/v2\/media?parent=130988"}],"wp:term":[{"taxonomy":"category","embeddable":true,"href":"https:\/\/linitiative.ca\/International\/wp-json\/wp\/v2\/categories?post=130988"},{"taxonomy":"post_tag","embeddable":true,"href":"https:\/\/linitiative.ca\/International\/wp-json\/wp\/v2\/tags?post=130988"}],"curies":[{"name":"wp","href":"https:\/\/api.w.org\/{rel}","templated":true}]}}