{"id":130990,"date":"2021-10-25T17:18:01","date_gmt":"2021-10-25T21:18:01","guid":{"rendered":"https:\/\/linitiative.ca\/International\/cote-divoire-4-personnes-tuees-dans-un-accident-sur-la-route-de-tiebissou\/"},"modified":"2021-10-25T17:18:01","modified_gmt":"2021-10-25T21:18:01","slug":"cote-divoire-4-personnes-tuees-dans-un-accident-sur-la-route-de-tiebissou","status":"publish","type":"post","link":"https:\/\/linitiative.ca\/International\/cote-divoire-4-personnes-tuees-dans-un-accident-sur-la-route-de-tiebissou\/","title":{"rendered":"C\u00f4te d\u2019Ivoire: 4 personnes tu\u00e9es dans un accident sur la route de Ti\u00e9bissou"},"content":{"rendered":"<div>\n<p><img loading=\"lazy\" decoding=\"async\" width=\"275\" height=\"183\" src=\"https:\/\/linitiative.ca\/International\/wp-content\/uploads\/sites\/23\/2021\/10\/16351966819984.jpg\" class=\"attachment-post-thumbnail size-post-thumbnail wp-post-image\" alt=\"\"><\/p>\n<p>Quatre personnes ont \u00e9t\u00e9 tu\u00e9es lundi dans un accident de la circulation sur la route de Ti\u00e9bissou, dans le centre ivoirien, \u00e0 environ 1 km apr\u00e8s le \u00ab\u00a0corridor Morof\u00e9\u00a0\u00bb.<\/p>\n<p>L&rsquo;accident est survenu \u00e0 la suite d&rsquo;une collision entre un v\u00e9hicule de particulier et un camion remorque, faisant 5 victimes dont 4 d\u00e9c\u00e8s, rapporte les sapeurs-pompiers. Un cas grave coinc\u00e9 dans le v\u00e9hicule, a \u00e9t\u00e9 \u00e9vacu\u00e9 par les sapeurs-pompiers dans une clinique apr\u00e8s une op\u00e9ration de d\u00e9sincarc\u00e9ration. <\/p>\n<p>La collision s&rsquo;est produite t\u00f4t ce matin, selon le Groupement des sapeurs-pompiers (GSPM) qui indique avoir \u00e9t\u00e9 alert\u00e9 \u00e0 06h47 (GMT, heure locale). \u00a0Des \u00e9l\u00e9ments de la 5e compagnie du GSPM, situ\u00e9e \u00e0 Yamoussoukro, sont intervenus pour apporter du secours aux victimes, avec \u00e0 leur c\u00f4t\u00e9 la police et la gendarmerie.\u00a0<\/p>\n<p>Cet article <a rel=\"nofollow\" href=\"https:\/\/www.journalducameroun.com\/cote-divoire-4-personnes-tuees-dans-un-accident-sur-la-route-de-tiebissou\/\">C\u00f4te d\u2019Ivoire: 4 personnes tu\u00e9es dans un accident sur la route de Ti\u00e9bissou<\/a> est apparu en premier sur <a rel=\"nofollow\" href=\"https:\/\/www.journalducameroun.com\/\">Journal du Cameroun<\/a>.<\/p>\n<\/div>\n<p>Auteur: APA News<br \/>\n<a href=\"https:\/\/www.journalducameroun.com\/cote-divoire-4-personnes-tuees-dans-un-accident-sur-la-route-de-tiebissou\/\">Cliquez ici pour lire l&rsquo;article depuis sa source.<\/a><\/p>\n","protected":false},"excerpt":{"rendered":"<p>Quatre personnes ont \u00e9t\u00e9 tu\u00e9es lundi dans un accident de la circulation sur la route de Ti\u00e9bissou, dans le centre ivoirien, \u00e0 environ 1 km apr\u00e8s le \u00ab\u00a0corridor Morof\u00e9\u00a0\u00bb. L&rsquo;accident est survenu \u00e0 la suite d&rsquo;une collision entre un v\u00e9hicule de particulier et un camion remorque, faisant 5 victimes dont 4 d\u00e9c\u00e8s, rapporte les sapeurs-pompiers. [&hellip;]<\/p>\n","protected":false},"author":1965,"featured_media":0,"comment_status":"closed","ping_status":"closed","sticky":false,"template":"","format":"standard","meta":{"fifu_image_url":"https:\/\/www.journalducameroun.com\/wp-content\/uploads\/2021\/10\/16351966819984.jpg","fifu_image_alt":"C\u00f4te d\u2019Ivoire: 4 personnes tu\u00e9es dans un accident sur la route de Ti\u00e9bissou","footnotes":""},"categories":[73,82],"tags":[],"class_list":["post-130990","post","type-post","status-publish","format-standard","hentry","category-actualite","category-cameroun"],"_links":{"self":[{"href":"https:\/\/linitiative.ca\/International\/wp-json\/wp\/v2\/posts\/130990","targetHints":{"allow":["GET"]}}],"collection":[{"href":"https:\/\/linitiative.ca\/International\/wp-json\/wp\/v2\/posts"}],"about":[{"href":"https:\/\/linitiative.ca\/International\/wp-json\/wp\/v2\/types\/post"}],"author":[{"embeddable":true,"href":"https:\/\/linitiative.ca\/International\/wp-json\/wp\/v2\/users\/1965"}],"replies":[{"embeddable":true,"href":"https:\/\/linitiative.ca\/International\/wp-json\/wp\/v2\/comments?post=130990"}],"version-history":[{"count":0,"href":"https:\/\/linitiative.ca\/International\/wp-json\/wp\/v2\/posts\/130990\/revisions"}],"wp:attachment":[{"href":"https:\/\/linitiative.ca\/International\/wp-json\/wp\/v2\/media?parent=130990"}],"wp:term":[{"taxonomy":"category","embeddable":true,"href":"https:\/\/linitiative.ca\/International\/wp-json\/wp\/v2\/categories?post=130990"},{"taxonomy":"post_tag","embeddable":true,"href":"https:\/\/linitiative.ca\/International\/wp-json\/wp\/v2\/tags?post=130990"}],"curies":[{"name":"wp","href":"https:\/\/api.w.org\/{rel}","templated":true}]}}