{"id":130992,"date":"2021-10-25T17:18:01","date_gmt":"2021-10-25T21:18:01","guid":{"rendered":"https:\/\/linitiative.ca\/International\/des-experts-debattent-des-frontieres-maritimes-de-la-cote-divoire\/"},"modified":"2021-10-25T17:18:01","modified_gmt":"2021-10-25T21:18:01","slug":"des-experts-debattent-des-frontieres-maritimes-de-la-cote-divoire","status":"publish","type":"post","link":"https:\/\/linitiative.ca\/International\/des-experts-debattent-des-frontieres-maritimes-de-la-cote-divoire\/","title":{"rendered":"Des experts d\u00e9battent des fronti\u00e8res maritimes de la C\u00f4te d\u2019Ivoire"},"content":{"rendered":"<div>\n<p>Des acteurs en lien avec la fronti\u00e8re maritime et les experts de la gestion de la fronti\u00e8re a\u00e9rienne des r\u00e9gions de San Pedro, du Gbokle, des Grands ponts et du Sud Como\u00e9 ont entam\u00e9, lundi, \u00e0 Abidjan un atelier qui vient clore une s\u00e9rie d\u2019ateliers diagnostics en vue de l\u2019\u00e9laboration de la Politique nationale de gestion int\u00e9gr\u00e9e des fronti\u00e8res de la C\u00f4te d\u2019Ivoire (PNGIF-CI).<\/p>\n<p>A l\u2019ouverture des travaux, le Pr\u00e9fet d\u2019Abidjan, \u00a0 Goun Germain Fran\u00e7ois, a soulign\u00e9 que le pr\u00e9sent atelier r\u00e9gional fait suite aux trois autres d\u00e9j\u00e0 tenus \u00e0 Abengourou (Est), Korhogo (Nord) et Man (Ouest).<\/p>\n<p>Sa sp\u00e9cificit\u00e9, a-t-il expliqu\u00e9, \u00a0tient au fait qu\u2019en plus des acteurs aux fronti\u00e8res terrestres, il r\u00e9unit des acteurs frontaliers en lien avec la gestion des fronti\u00e8res maritimes et a\u00e9riennes.<\/p>\n<p>\u00ab Cette singularit\u00e9, illustre assez bien, le caract\u00e8re novateur de ce document de Politique de gestion int\u00e9gr\u00e9e de nos fronti\u00e8res terrestres, maritimes et a\u00e9riennes \u00bb, a conclu M. Goun.\u00a0<\/p>\n<p>Auparavant, le Secr\u00e9taire ex\u00e9cutif de la Commission nationale des fronti\u00e8res de C\u00f4te d\u2019Ivoire (CNFCI), Diakalidia Konat\u00e9 a rappel\u00e9 que trois ateliers r\u00e9gionaux ont \u00e9t\u00e9 organis\u00e9s du 13 au 20 octobre \u00e0 Abengourou avec les acteurs en lien avec la fronti\u00e8re avec le Burkina Faso et le Ghana ; \u00e0 Korhogo avec ceux en lien avec les fronti\u00e8res avec le Burkina Faso et le Mali ; \u00e0 Man avec ceux en lien avec les fronti\u00e8res avec la Guin\u00e9e et le Lib\u00e9ria.<\/p>\n<p>\u00ab Ces ateliers ont permis d\u2019atteindre des r\u00e9sultats escompt\u00e9s. C\u2019est pourquoi, je voudrais remercier les parties prenantes ayant contribu\u00e9 fortement \u00e0 cet excellent r\u00e9sultat notamment les acteurs frontaliers, le corps pr\u00e9fectoral et les acteurs techniques et financiers \u00bb,\u00a0 a d\u00e9clar\u00e9 M. Konat\u00e9.<\/p>\n<p>L\u2019\u00e9tape d\u2019Abidjan qui s\u2019ach\u00e8ve mercredi vient clore la s\u00e9rie des ateliers diagnostics. Elle regroupe les acteurs en lien avec la fronti\u00e8re maritime et les experts de la gestion de la fronti\u00e8re a\u00e9rienne des r\u00e9gions de San Pedro, du Gbokle, des Grands ponts et du Sud Como\u00e9.<\/p>\n<p>\u00ab Cet atelier est donc particulier en ce sens qu\u2019il nous permettra de recueillir les pr\u00e9occupations sp\u00e9cifiques des populations frontali\u00e8res de ces r\u00e9gions sur la gestion de nos fronti\u00e8res a\u00e9rienne et maritime \u00bb, a fait observer le Secr\u00e9taire ex\u00e9cutif de la CNFCI.<\/p>\n<p>Les enjeux et d\u00e9fis aux fronti\u00e8res sont nombreux. A ce propos, M. Konat\u00e9 a cit\u00e9 \u00a0notamment, la question de la gouvernance aux fronti\u00e8res, la d\u00e9limitation\/d\u00e9marcation, la coop\u00e9ration transfrontali\u00e8re, les probl\u00e9matiques en lien avec la coh\u00e9sion sociale et le maintien de la paix dans les zones frontali\u00e8res des pays ainsi que la r\u00e9alisation d\u2019infrastructures socio-\u00e9conomiques de base pour am\u00e9liorer significativement le bien-\u00eatre des populations des zones frontali\u00e8res et transfrontali\u00e8res.<\/p>\n<p>Ces ateliers r\u00e9gionaux feront place \u00e0 un travail de \u00ab bureau d\u2019\u00e9tude \u00bb qui sera men\u00e9 par des experts internationaux et nationaux \u00a0pour sortir le diagnostic strat\u00e9gique. Le fruit du travail de ces experts fera l\u2019objet d\u2019un atelier de pr\u00e9 validation qui permettra d\u2019avoir d\u00e9j\u00e0 les pr\u00e9mices de cette politique nationale.<\/p>\n<p>\u00ab Apr\u00e8s nous allons passer \u00e0 un atelier de validation nationale qui va nous permettre d\u2019obtenir le document d\u00e9finitif qui va enregistrer la pr\u00e9sence de toutes les parties prenantes de ce processus d\u2019\u00e9laboration de la politique nationale de gestion int\u00e9gr\u00e9e des fronti\u00e8res\u00bb, a conclu Diakalidia Konat\u00e9.\u00a0<\/p>\n<p>La Politique nationale de gestion int\u00e9gr\u00e9e des fronti\u00e8res de la C\u00f4te d\u2019Ivoire, vise \u00e0 doter le pays d\u2019un outil de cadrage et de pilotage en mati\u00e8re de gouvernance des fronti\u00e8res, en vue de permettre \u00e0 la C\u00f4te d\u2019Ivoire d\u2019aborder un nouveau virage dans l\u2019approche et la gestion de ses fronti\u00e8res terrestres, a\u00e9riennes et maritimes.<\/p>\n<p>Cet article <a rel=\"nofollow\" href=\"https:\/\/www.journalducameroun.com\/des-experts-debattent-des-frontieres-maritimes-de-la-cote-divoire\/\">Des experts d\u00e9battent des fronti\u00e8res maritimes de la C\u00f4te d\u2019Ivoire<\/a> est apparu en premier sur <a rel=\"nofollow\" href=\"https:\/\/www.journalducameroun.com\/\">Journal du Cameroun<\/a>.<\/p>\n<\/div>\n<p>Auteur: APA News<br \/>\n<a href=\"https:\/\/www.journalducameroun.com\/des-experts-debattent-des-frontieres-maritimes-de-la-cote-divoire\/\">Cliquez ici pour lire l&rsquo;article depuis sa source.<\/a><\/p>\n","protected":false},"excerpt":{"rendered":"<p>Des acteurs en lien avec la fronti\u00e8re maritime et les experts de la gestion de la fronti\u00e8re a\u00e9rienne des r\u00e9gions de San Pedro, du Gbokle, des Grands ponts et du Sud Como\u00e9 ont entam\u00e9, lundi, \u00e0 Abidjan un atelier qui vient clore une s\u00e9rie d\u2019ateliers diagnostics en vue de l\u2019\u00e9laboration de la Politique nationale de [&hellip;]<\/p>\n","protected":false},"author":1965,"featured_media":0,"comment_status":"closed","ping_status":"closed","sticky":false,"template":"","format":"standard","meta":{"fifu_image_url":"","fifu_image_alt":"","footnotes":""},"categories":[73,82],"tags":[],"class_list":["post-130992","post","type-post","status-publish","format-standard","hentry","category-actualite","category-cameroun"],"_links":{"self":[{"href":"https:\/\/linitiative.ca\/International\/wp-json\/wp\/v2\/posts\/130992","targetHints":{"allow":["GET"]}}],"collection":[{"href":"https:\/\/linitiative.ca\/International\/wp-json\/wp\/v2\/posts"}],"about":[{"href":"https:\/\/linitiative.ca\/International\/wp-json\/wp\/v2\/types\/post"}],"author":[{"embeddable":true,"href":"https:\/\/linitiative.ca\/International\/wp-json\/wp\/v2\/users\/1965"}],"replies":[{"embeddable":true,"href":"https:\/\/linitiative.ca\/International\/wp-json\/wp\/v2\/comments?post=130992"}],"version-history":[{"count":0,"href":"https:\/\/linitiative.ca\/International\/wp-json\/wp\/v2\/posts\/130992\/revisions"}],"wp:attachment":[{"href":"https:\/\/linitiative.ca\/International\/wp-json\/wp\/v2\/media?parent=130992"}],"wp:term":[{"taxonomy":"category","embeddable":true,"href":"https:\/\/linitiative.ca\/International\/wp-json\/wp\/v2\/categories?post=130992"},{"taxonomy":"post_tag","embeddable":true,"href":"https:\/\/linitiative.ca\/International\/wp-json\/wp\/v2\/tags?post=130992"}],"curies":[{"name":"wp","href":"https:\/\/api.w.org\/{rel}","templated":true}]}}