{"id":131004,"date":"2021-10-26T10:00:30","date_gmt":"2021-10-26T14:00:30","guid":{"rendered":"https:\/\/linitiative.ca\/International\/cha-ta-ra-en-representation-le-3-novembre-prochain-a-rabat\/"},"modified":"2021-10-26T10:00:30","modified_gmt":"2021-10-26T14:00:30","slug":"cha-ta-ra-en-representation-le-3-novembre-prochain-a-rabat","status":"publish","type":"post","link":"https:\/\/linitiative.ca\/International\/cha-ta-ra-en-representation-le-3-novembre-prochain-a-rabat\/","title":{"rendered":"\u00abCha Ta Ra\u00bb en repr\u00e9sentation le 3 novembre prochain \u00e0 Rabat"},"content":{"rendered":"<div>\n<p><img loading=\"lazy\" decoding=\"async\" width=\"300\" height=\"153\" src=\"https:\/\/linitiative.ca\/International\/wp-content\/uploads\/sites\/23\/2021\/10\/Cha-Ta-Ra-en-representation-le-3-novembre-prochain-a-Rabat-300x153-1.jpg\" class=\"attachment-medium size-medium wp-post-image\" alt=\"\" srcset=\"https:\/\/linitiative.ca\/International\/wp-content\/uploads\/sites\/23\/2021\/10\/Cha-Ta-Ra-en-representation-le-3-novembre-prochain-a-Rabat-300x153-1.jpg 300w, https:\/\/aujourdhui.ma\/wp-content\/uploads\/2021\/10\/Cha-Ta-Ra-en-representation-le-3-novembre-prochain-a-Rabat-274x140.jpg 274w, https:\/\/aujourdhui.ma\/wp-content\/uploads\/2021\/10\/Cha-Ta-Ra-en-representation-le-3-novembre-prochain-a-Rabat.jpg 746w, https:\/\/aujourdhui.ma\/wp-content\/uploads\/2021\/10\/Cha-Ta-Ra-en-representation-le-3-novembre-prochain-a-Rabat-165x84.jpg 165w, https:\/\/aujourdhui.ma\/wp-content\/uploads\/2021\/10\/Cha-Ta-Ra-en-representation-le-3-novembre-prochain-a-Rabat-702x358.jpg 702w\" sizes=\"auto, (max-width: 300px) 100vw, 300px\"><\/p>\n<p><span style=\"color: #800000; font-size: 18px;\"><strong>Son intitul\u00e9 est choisi pour signifier l\u2019intelligence<\/strong><\/span><span id=\"more-389776\"><\/span><\/p>\n<p>Apr\u00e8s le succ\u00e8s qu\u2019elle a eu \u00e0 Rabat, la nouvelle pi\u00e8ce de th\u00e9\u00e2tre \u00abCha Ta Ra\u00bb de la troupe Thifsouine sera pr\u00e9sent\u00e9e, pour la deuxi\u00e8me fois le 3 novembre soir au Th\u00e9\u00e2tre Mohammed V dans la capitale. \u00abCette oeuvre est programm\u00e9e \u00e0 Rabat pour une deuxi\u00e8me fois en quatre mois, directement apr\u00e8s les nouvelles mesures prises par le gouvernement, y compris la r\u00e9ouverture des salles de th\u00e9\u00e2tre et de cin\u00e9ma ainsi que les centres culturels\u00bb, pr\u00e9cise le directeur de production de cette oeuvre, Fouad El Bnoudi, qui explique \u00e9galement que l\u2019intitul\u00e9 \u00abCha Ta Ra\u00bb, mise en sc\u00e8ne par Amine Nasseur, est choisi pour signifier l\u2019intelligence. A propos de la prochaine repr\u00e9sentation, le directeur indique qu\u2019elle est aussi programm\u00e9e \u00abapr\u00e8s la demande croissante en ce spectacle par les parties et acteurs qui n\u2019ont pas encore vu l\u2019oeuvre\u00bb.<\/p>\n<p>Et ce n\u2019est pas tout ! \u00abLa troupe s\u2019appr\u00eate \u00e0 pr\u00e9senter sa pi\u00e8ce dans un nombre de salles de th\u00e9\u00e2tre apr\u00e8s avoir re\u00e7u des invitations pour participer \u00e0 des manifestations et festivals nationaux\u00bb, annonce M. El Bnoudi. En d\u00e9tail, cette oeuvre, con\u00e7ue par la troupe originaire de la ville d\u2019Al Hoceima, se distingue par un texte compos\u00e9 en diff\u00e9rentes langues, une structure dramatique moderne ainsi qu\u2019une sc\u00e9nographie cr\u00e9ative con\u00e7ue par l\u2019artiste Tarik Ribh. De son c\u00f4t\u00e9, le metteur en sc\u00e8ne r\u00e9v\u00e8le, \u00e0 propos de cette pi\u00e8ce, avoir travaill\u00e9, avec Thifsouine, sur la composition des \u00e9l\u00e9ments du spectacle dans le cadre d\u2019un \u00ablaboratoire\u00bb artistique offert par cette troupe et le Th\u00e9\u00e2tre Mohammed V. \u00abNous nous sommes bas\u00e9s sur l\u2019exp\u00e9rimentation en langue artistique et visuelle ainsi que sur une nouvelle dramaturgie abondant dans l\u2019\u00e8re du temps et tentant d\u2019offrir un show riche et attractif au niveau intellectuel et artistique\u00bb, avance M. Nasseur.<\/p>\n<p>Quant au casting, il est compos\u00e9 de Chaimae El Allaoui, Amal Benheddou et Qods Joundoul. Aussi, l\u2019accompagnement musical est r\u00e9alis\u00e9 par Ilyas El Moutaoukil et la jeune chanteuse Imane Tifyur. Dans l\u2019ensemble, 18 artistes, y compris l\u2019\u00e9quipe technique, contribuent \u00e0 cette pi\u00e8ce dont le texte est con\u00e7u par le dramaturge Sa\u00efd Abernous. Pour rappel, cette oeuvre, qui fait partie d\u2019une collaboration de la troupe et le metteur en sc\u00e8ne dans le cadre du projet d\u2019une trilogie, est le r\u00e9sultat d\u2019un partenariat entre cette troupe et le Th\u00e9\u00e2tre Mohammed V pour 2019-2020. Cependant, la pand\u00e9mie de Covid-19 en a emp\u00each\u00e9 la pr\u00e9sentation lors de cette saison.<\/p>\n<\/div>\n<p>Auteur: Salima Guisser<br \/>\n<a href=\"https:\/\/aujourdhui.ma\/culture\/cha-ta-ra-en-representation-le-3-novembre-prochain-a-rabat\">Cliquez ici pour lire l&rsquo;article depuis sa source.<\/a><\/p>\n","protected":false},"excerpt":{"rendered":"<p>Son intitul\u00e9 est choisi pour signifier l\u2019intelligence Apr\u00e8s le succ\u00e8s qu\u2019elle a eu \u00e0 Rabat, la nouvelle pi\u00e8ce de th\u00e9\u00e2tre \u00abCha Ta Ra\u00bb de la troupe Thifsouine sera pr\u00e9sent\u00e9e, pour la deuxi\u00e8me fois le 3 novembre soir au Th\u00e9\u00e2tre Mohammed V dans la capitale. \u00abCette oeuvre est programm\u00e9e \u00e0 Rabat pour une deuxi\u00e8me fois en [&hellip;]<\/p>\n","protected":false},"author":1759,"featured_media":0,"comment_status":"closed","ping_status":"closed","sticky":false,"template":"","format":"standard","meta":{"fifu_image_url":"https:\/\/aujourdhui.ma\/wp-content\/uploads\/2021\/10\/Cha-Ta-Ra-en-representation-le-3-novembre-prochain-a-Rabat-300x153.jpg","fifu_image_alt":"\u00abCha Ta Ra\u00bb en repr\u00e9sentation le 3 novembre prochain \u00e0 Rabat","footnotes":""},"categories":[73,54],"tags":[],"class_list":["post-131004","post","type-post","status-publish","format-standard","hentry","category-actualite","category-maroc"],"_links":{"self":[{"href":"https:\/\/linitiative.ca\/International\/wp-json\/wp\/v2\/posts\/131004","targetHints":{"allow":["GET"]}}],"collection":[{"href":"https:\/\/linitiative.ca\/International\/wp-json\/wp\/v2\/posts"}],"about":[{"href":"https:\/\/linitiative.ca\/International\/wp-json\/wp\/v2\/types\/post"}],"author":[{"embeddable":true,"href":"https:\/\/linitiative.ca\/International\/wp-json\/wp\/v2\/users\/1759"}],"replies":[{"embeddable":true,"href":"https:\/\/linitiative.ca\/International\/wp-json\/wp\/v2\/comments?post=131004"}],"version-history":[{"count":0,"href":"https:\/\/linitiative.ca\/International\/wp-json\/wp\/v2\/posts\/131004\/revisions"}],"wp:attachment":[{"href":"https:\/\/linitiative.ca\/International\/wp-json\/wp\/v2\/media?parent=131004"}],"wp:term":[{"taxonomy":"category","embeddable":true,"href":"https:\/\/linitiative.ca\/International\/wp-json\/wp\/v2\/categories?post=131004"},{"taxonomy":"post_tag","embeddable":true,"href":"https:\/\/linitiative.ca\/International\/wp-json\/wp\/v2\/tags?post=131004"}],"curies":[{"name":"wp","href":"https:\/\/api.w.org\/{rel}","templated":true}]}}