{"id":131014,"date":"2021-10-25T14:00:00","date_gmt":"2021-10-25T18:00:00","guid":{"rendered":"https:\/\/linitiative.ca\/International\/lettre-ouverte-au-maire-dagadir\/"},"modified":"2021-10-25T14:00:00","modified_gmt":"2021-10-25T18:00:00","slug":"lettre-ouverte-au-maire-dagadir","status":"publish","type":"post","link":"https:\/\/linitiative.ca\/International\/lettre-ouverte-au-maire-dagadir\/","title":{"rendered":"Lettre ouverte au Maire d\u2019Agadir"},"content":{"rendered":"<div>\n<p class=\"has-black-color has-text-color\"><strong>Monsieur le Maire,<\/strong><\/p>\n<p class=\"has-black-color has-text-color\"><strong>Voil\u00e0 que la rage \u00e9lectorale s\u2019est apais\u00e9e dans l\u2019ensemble du royaume et que tout le processus a clos ses divers chapitres. D\u00e8s que vous avez laiss\u00e9 entendre que vous alliez atterrir sur Agadir, on savait d\u00e9j\u00e0 que vous postuliez la pr\u00e9sidence de sa mairie. Bien \u00e9videmment, vous n\u2019iriez pas prendre tout ce risque de prestige pour vous suffire d\u2019un simple poste de conseiller\u00a0! Comme attendu, vous y \u00eates \u00e0 pr\u00e9sent, sur le perchoir d\u2019une entit\u00e9 satellitaire en effervescence, sans peine. Nombre de param\u00e8tres ont, sans conteste, concouru \u00e0 votre cavalcade tonitruante sur la ville et la r\u00e9gion, voire le pays du reste, apr\u00e8s les d\u00e9boires cuisants de vos pr\u00e9d\u00e9cesseurs. D\u2019embl\u00e9e, vous n\u2019\u00eates pas, en fait, d\u00e9pays\u00e9 \u00e0 vous voir revenir au \u00a0bercail, apr\u00e8s avoir pr\u00e9sid\u00e9 aux destin\u00e9es du conseil de la r\u00e9gion Souss-Massa-Dr\u00e2a, au d\u00e9but des ann\u00e9es 2000.\u00a0 Un passage somme toute, assez fluide o\u00f9 vous aviez joui de la synergie pour avoir su f\u00e9d\u00e9rer les sensibilit\u00e9s de cette institution et mis sur orbite les premiers jalons du triptyque \u00e9conomique con\u00e7u sur l\u2019\u00e9tude Mackenzie, avec comme toile de find le somptueux Timitar. Deux d\u00e9cennies plus tard, vous avez donc r\u00e9apparu \u00e0 la t\u00eate de la cit\u00e9 m\u00e9tropolitaine mais cette fois, sous une couleur partisane, apr\u00e8s avoir \u00e9t\u00e9 sans appartenance politique. Ce qui supposerait que dor\u00e9navant, vous soyez tenus de rendre compte \u00e0 vos \u00e9lecteurs au \u00a0terme de votre mandat\u00a0!<\/strong><\/p>\n<p class=\"has-black-color has-text-color\"><strong>Monsieur le Maire<\/strong><\/p>\n<p class=\"has-black-color has-text-color\">Aujourd\u2019hui, vous h\u00e9ritez de la capitale \u00a0du p\u00f4le baptis\u00e9 \u00ab Centre du royaume \u00bb, \u00a0en grand chantier bien ouvert sur tous les horizons. Vous y avez sans nul doute, constat\u00e9 de visu le d\u00e9ploiement d\u2019un labeur titanesque sur maints fronts, men\u00e9 d\u2019arrache-pied par un staff ardent expertement conduit par un pilotage \u00a0aussi subtil que m\u00e9ticuleux sur le d\u00e9tail. Depuis d\u00e9j\u00e0 plus de vingt mois, le Programme de D\u00e9veloppement Urbain \u00a0(PDU), lanc\u00e9 par le Souverain en f\u00e9vrier 2020, va bon train pour parvenir \u00e0 bon port en 2024, date de son expiration, en pleine p\u00e9riode\u00a0 cruciale de la crise virale. Vous ne pouviez pas tomber mieux qu\u2019au c\u0153ur d\u2019une seigneuriale aubaine \u00e0 laquelle il vous appartiendra de relayer en trombe, afin de parachever en apoth\u00e9ose ce Majestueux projet. Mais, \u00e0 coup s\u00fbr, vous n\u2019\u00eates pas l\u00e0 pour vous contenter de ce que vous avez d\u00e9j\u00e0 trouv\u00e9 en train de se produire, de mani\u00e8re galopante dans tous les coins de la ville, sans rel\u00e2che ni r\u00e9pit. On n\u2019a pas fait tout ce tohu-bohu pour vous placer \u00e0 l\u2019arche de l\u2019h\u00f4tel de ville et vous mettre le grain \u00e0 moudre sous la dent. Vous \u00eates l\u00e0 pour donner le sens concret au \u00ab\u00a0centre du royaume\u00a0\u00bb, tel qu\u2019insinu\u00e9 par le Roi et convoit\u00e9 par toute la communaut\u00e9 du Souss, de raviver l\u2019\u00e9conomie r\u00e9gionale, en passe de rayonner \u00e0 petits trots, \u00e0 travers une industrie visc\u00e9ralement en \u00e9tat d\u2019\u00e9closion, de mettre en branle un \u00a0investissement en net rel\u00e8vement dans le tissu divers de l\u2019entreprise, de lustrer le tourisme \u00e0 la recherche de ses lettres de noblesses, par l\u2019\u00e9lan g\u00e9n\u00e9reux d\u2019une flop\u00e9e d\u2019op\u00e9rateurs aguerris\u2026<\/p>\n<p class=\"has-black-color has-text-color\"><strong>Monsieur le Maire,<\/strong><\/p>\n<p class=\"has-black-color has-text-color\">Vous n\u2019\u00eates pas sans savoir que l\u2019effort que vous entreprendrez pour insuffler cette relance \u00e9conomique n\u2019aurait nulle importance si les fruits ne vont pas aux populations dont les insuffisances ne se comptent plus. Tel que vous avez brandi dans votre campagne \u00e9lectorale, il vous est imp\u00e9ratif de tenir vos promesses en direction de la lutte contre les in\u00e9galit\u00e9s sociales et spatiales, de la promotion de l\u2019\u00e9ducation, de la sant\u00e9, de l\u2019emploi en faveur des couches d\u00e9sh\u00e9rit\u00e9es, de la mise en valeur du patrimoine culturel et immat\u00e9riel de la cit\u00e9 des joailleries\u2026 De toute \u00e9vidence, Agadir est un potentiel r\u00e9el du Centre et un carrefour\/charni\u00e8re du Nord aux chevauch\u00e9es en ascension fulgurante et du Sud aux gros espoirs d\u2019une Nation libre et f\u00e9conde. Vous y \u00eates d\u00e9sormais plein dedans, aux lumi\u00e8res des projecteurs braqu\u00e9s sur l\u2019apport que vous comptez mettre en exergue pour la poursuite de son enclenchement salutaire\u2026Natif d\u2019Illigh dans la banlieue de Tafraout,\u00a0 Mokhtar Soussi, l\u2019\u00e9rudit nationaliste empruntait une belle expression amazighe dans son illustre \u0153uvre\u00a0 \u00ab\u00a0Souss Al Alima\u00a0\u00bb, quand il abordait le r\u00e9cit de l\u2019histoire du Djih\u00e2d, en particulier dans le Souss\u00a0: \u00ab\u00a0La nature ne tient qu\u2019avec les \u00a0siens \u00a0!\u00a0\u00bb.<\/p>\n<p class=\"has-black-color has-text-color\">\u00a0Enfin, je ne puis clore cette lettre que vous lirez peut-\u00eatre si vous avez le temps, sans vous adresser cette question qui ne cesse de m\u2019intriguer\u00a0: \u00ab\u00a0Vous portez la casquette de chef de gouvernement et celle de pr\u00e9sident de ville, comment allez-vous pouvoir concilier les deux t\u00e2ches\u00a0?\u00a0\u00bb. Tenez-vous bien qu\u2019au cas o\u00f9 vous ne parviendriez pas, il ne vous serait gu\u00e8re permis d\u2019en avancer le motif de cumul de fonctions, puisque c\u2019est votre choix et vous devriez en assumer pleinement les cons\u00e9quences. Voguez le navire, pr\u00e9sident\u00a0!<\/p>\n<p>L\u2019article <a rel=\"nofollow\" href=\"http:\/\/albayane.press.ma\/lettre-ouverte-au-maire-dagadir.html\">Lettre ouverte au Maire d\u2019Agadir<\/a> est apparu en premier sur <a rel=\"nofollow\" href=\"http:\/\/albayane.press.ma\/\">ALBAYANE<\/a>.<\/p>\n<\/div>\n<p>Auteur: M&rsquo;hammed rahal<br \/>\n<a href=\"http:\/\/albayane.press.ma\/lettre-ouverte-au-maire-dagadir.html\">Cliquez ici pour lire l&rsquo;article depuis sa source.<\/a><\/p>\n","protected":false},"excerpt":{"rendered":"<p>Monsieur le Maire, Voil\u00e0 que la rage \u00e9lectorale s\u2019est apais\u00e9e dans l\u2019ensemble du royaume et que tout le processus a clos ses divers chapitres. D\u00e8s que vous avez laiss\u00e9 entendre que vous alliez atterrir sur Agadir, on savait d\u00e9j\u00e0 que vous postuliez la pr\u00e9sidence de sa mairie. Bien \u00e9videmment, vous n\u2019iriez pas prendre tout ce [&hellip;]<\/p>\n","protected":false},"author":1760,"featured_media":0,"comment_status":"closed","ping_status":"closed","sticky":false,"template":"","format":"standard","meta":{"fifu_image_url":"","fifu_image_alt":"","footnotes":""},"categories":[73,54],"tags":[],"class_list":["post-131014","post","type-post","status-publish","format-standard","hentry","category-actualite","category-maroc"],"_links":{"self":[{"href":"https:\/\/linitiative.ca\/International\/wp-json\/wp\/v2\/posts\/131014","targetHints":{"allow":["GET"]}}],"collection":[{"href":"https:\/\/linitiative.ca\/International\/wp-json\/wp\/v2\/posts"}],"about":[{"href":"https:\/\/linitiative.ca\/International\/wp-json\/wp\/v2\/types\/post"}],"author":[{"embeddable":true,"href":"https:\/\/linitiative.ca\/International\/wp-json\/wp\/v2\/users\/1760"}],"replies":[{"embeddable":true,"href":"https:\/\/linitiative.ca\/International\/wp-json\/wp\/v2\/comments?post=131014"}],"version-history":[{"count":0,"href":"https:\/\/linitiative.ca\/International\/wp-json\/wp\/v2\/posts\/131014\/revisions"}],"wp:attachment":[{"href":"https:\/\/linitiative.ca\/International\/wp-json\/wp\/v2\/media?parent=131014"}],"wp:term":[{"taxonomy":"category","embeddable":true,"href":"https:\/\/linitiative.ca\/International\/wp-json\/wp\/v2\/categories?post=131014"},{"taxonomy":"post_tag","embeddable":true,"href":"https:\/\/linitiative.ca\/International\/wp-json\/wp\/v2\/tags?post=131014"}],"curies":[{"name":"wp","href":"https:\/\/api.w.org\/{rel}","templated":true}]}}