{"id":131015,"date":"2021-10-25T14:00:00","date_gmt":"2021-10-25T18:00:00","guid":{"rendered":"https:\/\/linitiative.ca\/International\/une-edition-inedite-dans-un-contexte-particulier\/"},"modified":"2021-10-25T14:00:00","modified_gmt":"2021-10-25T18:00:00","slug":"une-edition-inedite-dans-un-contexte-particulier","status":"publish","type":"post","link":"https:\/\/linitiative.ca\/International\/une-edition-inedite-dans-un-contexte-particulier\/","title":{"rendered":"Une \u00e9dition in\u00e9dite dans un contexte particulier"},"content":{"rendered":"<div>\n<p class=\"has-text-align-center has-vivid-red-color has-text-color\"><strong>Ecomondo et Key Energy 2021<\/strong><\/p>\n<p class=\"has-text-align-right has-black-color has-text-color\"><strong>Par Hajar Erraji- MAP<\/strong><\/p>\n<p class=\"has-black-color has-text-color\"><strong>A quelques jours de la conf\u00e9rence mondiale sur le climat COP 26 \u00e0 Glasgow, les salons internationaux de l\u2019\u00e9conomie verte Ecomondo et Key Energy donnent rendez vous aux sp\u00e9cialistes du domaine mais aussi aux d\u00e9cideurs politiques de l\u2019Europe, de la m\u00e9diterran\u00e9e et de l\u2019Afrique, du 26 au 29 octobre \u00e0 Rimini en Italie, pour d\u00e9battre des diff\u00e9rents enjeux de la transition \u00e9nerg\u00e9tique.<\/strong><\/p>\n<p class=\"has-black-color has-text-color\">Avec plus de 150 s\u00e9minaires et la participation de 220 repr\u00e9sentants institutionnels, associatifs et universitaires provenant de diff\u00e9rents pays, ces plateformes vertes promettent une \u00e9dition in\u00e9dite.<\/p>\n<p class=\"has-black-color has-text-color\">De l\u2019\u00e9conomie circulaire au green cities passant par la gestion des ressources hydriques, le comit\u00e9 scientifique propose cette ann\u00e9e un programme garni \u00e0 la hauteur de la conjoncture actuelle, marqu\u00e9e par l\u2019urgence climatique.<br \/>\u00ab\u00a0Les conf\u00e9rences de cette ann\u00e9e seront de haut niveau. Les comit\u00e9s scientifiques Ecomondo et Key Energy, pr\u00e9sid\u00e9s par Fabio Fava et Gianni Silvestrini, ont veill\u00e9 \u00e0 couvrir tous les secteurs cl\u00e9s de l\u2019\u00e9conomie circulaire\u00a0\u00bb, a d\u00e9clar\u00e9 \u00e0 la MAP la responsable de la section verte de l\u2019Italian exhibition group, organisateur des deux salons, Alessandra Astolfi.<br \/>Plusieurs th\u00e9matiques d\u2019actualit\u00e9 seront abord\u00e9es, en l\u2019occurrence l\u2019impact de l\u2019hydrog\u00e8ne et l\u2019\u00e9lectro-mobilit\u00e9, a-t-elle soulign\u00e9, ajoutant qu\u2019une grande exposition de v\u00e9hicules de collecte de d\u00e9chets et de recyclage, dot\u00e9s des derni\u00e8res technologies, aura lieu en marge de la manifestation.<\/p>\n<p class=\"has-black-color has-text-color\">Plusieurs startups entreront, en outre, en comp\u00e9tition pour le prix \u00ab\u00a0Climate For Kick\u00a0\u00bb qui vise \u00e0 encourager les initiatives innovantes en mati\u00e8re d\u2019att\u00e9nuation des changements climatiques.<br \/>Une attention particuli\u00e8re sera accord\u00e9e \u00e0 l\u2019Afrique, a relev\u00e9 la responsable, pr\u00e9cisant que l\u2019\u00e9dition de cette ann\u00e9e pr\u00e9voit un forum d\u00e9di\u00e9 \u00e0 la \u201cCroissance verte de l\u2019Afrique\u201d afin d\u2019examiner des actions concr\u00e8tes garantissant l\u2019acc\u00e8s \u00e0 l\u2019\u00e9nergie dans les communaut\u00e9s rurales et renforcer les entreprises locales.<\/p>\n<p class=\"has-black-color has-text-color\">\u201cLes d\u00e9fis de la transition verte sont communs \u00e0 tous les pays et, pour le continent africain, ces enjeux sont d\u2019une importance primordiale\u201d, a indiqu\u00e9 Mme Astolfi, affirmant que \u201cnous croyons fermement aux possibilit\u00e9s d\u2019\u00e9changes entre l\u2019Afrique, l\u2019Italie et l\u2019Europe, li\u00e9es par de vastes programmes de coop\u00e9ration. Et c\u2019est pourquoi nous avons voulu mettre en place une v\u00e9ritable plateforme d\u2019\u00e9change\u201d.<\/p>\n<p class=\"has-black-color has-text-color\">Plusieurs pays africains, dont le Maroc, seront pr\u00e9sents au centre d\u2019exposition pour pr\u00e9senter leurs produits, d\u00e9couvrir de nouvelles opportunit\u00e9s et \u00e9changer autour des derni\u00e8res technologies.<\/p>\n<p class=\"has-black-color has-text-color\">Cet \u00e9v\u00e9nement, qui vise \u00e0 promouvoir le r\u00f4le futur de l\u2019\u00e9nergie \u00e9olienne dans le mix \u00e9nerg\u00e9tique du continent africain, sera marqu\u00e9 \u00e9galement par la participation des entreprises italiennes op\u00e9rant en Afrique subsaharienne et de repr\u00e9sentants institutionnels et associatifs provenant de plusieurs pays africains, notamment le Kenya et le Rwanda.<br \/>Des innovateurs, des autorit\u00e9s internationales et nationales, le monde de la science et de l\u2019universit\u00e9, des d\u00e9cideurs, des investisseurs et des experts de la Commission europ\u00e9enne prendront part \u00e0 Ecomondo et Key Energy, leaders de l\u2019\u00e9conomie verte et des \u00e9nergies renouvelables dans le bassin euro-m\u00e9diterran\u00e9en.<\/p>\n<p>L\u2019article <a rel=\"nofollow\" href=\"http:\/\/albayane.press.ma\/une-edition-inedite-dans-un-contexte-particulier.html\">Une \u00e9dition in\u00e9dite dans un contexte particulier<\/a> est apparu en premier sur <a rel=\"nofollow\" href=\"http:\/\/albayane.press.ma\/\">ALBAYANE<\/a>.<\/p>\n<\/div>\n<p>Auteur: M&rsquo;hammed rahal<br \/>\n<a href=\"http:\/\/albayane.press.ma\/une-edition-inedite-dans-un-contexte-particulier.html\">Cliquez ici pour lire l&rsquo;article depuis sa source.<\/a><\/p>\n","protected":false},"excerpt":{"rendered":"<p>Ecomondo et Key Energy 2021 Par Hajar Erraji- MAP A quelques jours de la conf\u00e9rence mondiale sur le climat COP 26 \u00e0 Glasgow, les salons internationaux de l\u2019\u00e9conomie verte Ecomondo et Key Energy donnent rendez vous aux sp\u00e9cialistes du domaine mais aussi aux d\u00e9cideurs politiques de l\u2019Europe, de la m\u00e9diterran\u00e9e et de l\u2019Afrique, du 26 [&hellip;]<\/p>\n","protected":false},"author":1760,"featured_media":0,"comment_status":"closed","ping_status":"closed","sticky":false,"template":"","format":"standard","meta":{"fifu_image_url":"","fifu_image_alt":"","footnotes":""},"categories":[73,54],"tags":[],"class_list":["post-131015","post","type-post","status-publish","format-standard","hentry","category-actualite","category-maroc"],"_links":{"self":[{"href":"https:\/\/linitiative.ca\/International\/wp-json\/wp\/v2\/posts\/131015","targetHints":{"allow":["GET"]}}],"collection":[{"href":"https:\/\/linitiative.ca\/International\/wp-json\/wp\/v2\/posts"}],"about":[{"href":"https:\/\/linitiative.ca\/International\/wp-json\/wp\/v2\/types\/post"}],"author":[{"embeddable":true,"href":"https:\/\/linitiative.ca\/International\/wp-json\/wp\/v2\/users\/1760"}],"replies":[{"embeddable":true,"href":"https:\/\/linitiative.ca\/International\/wp-json\/wp\/v2\/comments?post=131015"}],"version-history":[{"count":0,"href":"https:\/\/linitiative.ca\/International\/wp-json\/wp\/v2\/posts\/131015\/revisions"}],"wp:attachment":[{"href":"https:\/\/linitiative.ca\/International\/wp-json\/wp\/v2\/media?parent=131015"}],"wp:term":[{"taxonomy":"category","embeddable":true,"href":"https:\/\/linitiative.ca\/International\/wp-json\/wp\/v2\/categories?post=131015"},{"taxonomy":"post_tag","embeddable":true,"href":"https:\/\/linitiative.ca\/International\/wp-json\/wp\/v2\/tags?post=131015"}],"curies":[{"name":"wp","href":"https:\/\/api.w.org\/{rel}","templated":true}]}}