{"id":131021,"date":"2021-10-26T13:14:21","date_gmt":"2021-10-26T17:14:21","guid":{"rendered":"https:\/\/linitiative.ca\/International\/baisse-de-pres-de-la-moitie-des-cas-graves-durant-la-derniere-quinzaine\/"},"modified":"2021-10-26T13:14:21","modified_gmt":"2021-10-26T17:14:21","slug":"baisse-de-pres-de-la-moitie-des-cas-graves-durant-la-derniere-quinzaine","status":"publish","type":"post","link":"https:\/\/linitiative.ca\/International\/baisse-de-pres-de-la-moitie-des-cas-graves-durant-la-derniere-quinzaine\/","title":{"rendered":"Baisse de pr\u00e8s de la moiti\u00e9 des cas graves durant la derni\u00e8re quinzaine"},"content":{"rendered":"<div>\n<div style=\"margin-bottom:20px;\"><img loading=\"lazy\" decoding=\"async\" width=\"750\" height=\"430\" src=\"https:\/\/linitiative.ca\/International\/wp-content\/uploads\/sites\/23\/2021\/10\/Abdelkrim-Meziane-Belfkih.jpg\" class=\"attachment-post-thumbnail size-post-thumbnail wp-post-image\" alt=\"\" srcset=\"https:\/\/linitiative.ca\/International\/wp-content\/uploads\/sites\/23\/2021\/10\/Abdelkrim-Meziane-Belfkih.jpg 750w, http:\/\/www.mapmarrakech.ma\/map\/uploads\/2021\/10\/Abdelkrim-Meziane-Belfkih-300x172.jpg 300w\" sizes=\"auto, (max-width: 750px) 100vw, 750px\"><\/div>\n<p>Le nombre des malades admis aux services de r\u00e9animation est pass\u00e9 de 692, il y a deux semaines, \u00e0 352 en date du 25 octobre, d\u2019apr\u00e8s le bilan bimensuel de la situation \u00e9pid\u00e9miologique dans le Royaume, pr\u00e9sent\u00e9 par le chef de la division des maladies transmissibles, Abdelkrim Meziane Bellefquih.<\/p>\n<p>Cette baisse s\u2019est sensiblement r\u00e9percut\u00e9e sur le taux d\u2019occupation des lits r\u00e9serv\u00e9s aux cas graves, \u00e9tabli \u00e0 6,6% actuellement contre 12% pr\u00e9c\u00e9demment, ajoute-t-on de m\u00eame source, notant que le nombre des malades plac\u00e9s sous intubation a, lui aussi, connu une nouvelle diminution significative (-30%).<\/p>\n<p>Par cons\u00e9quent, le taux de l\u00e9talit\u00e9 a chut\u00e9 de 21,8% avec 68 d\u00e9c\u00e8s durant la semaine pass\u00e9e, contre 87 au cours de la m\u00eame p\u00e9riode d\u2019avant, ce qui confirme la tendance constat\u00e9e depuis 9 semaines.<\/p>\n<p>Le bilan fait, par ailleurs, \u00e9tat d\u2019une baisse g\u00e9n\u00e9ralis\u00e9e pour la 11\u00e8me semaine d\u2019affil\u00e9e des cas positifs dans toutes les r\u00e9gions du Royaume, pass\u00e9es toutes au vert avec moins de 25 cas pour 100.000 habitants.<\/p>\n<p>Dans le sillage de cette diminution qui a atteint 27% (2.145 cas contre 2.945 la semaine d\u2019avant), le taux de reproduction du virus (R0) a \u00e9galement poursuivi son recul pour se situer g\u00e9n\u00e9ralement sous la barre de 1 et confirmer la tendance observ\u00e9e pendant les derni\u00e8res semaines.<\/p>\n<p>La derni\u00e8re quinzaine a, surtout, connu le taux de positivit\u00e9 le plus bas des 5 derniers mois, qui est pass\u00e9 de 4,5% \u00e0 2,7%, au moment o\u00f9 le nombre des cas actifs s\u2019est situ\u00e9 en dessous de 5.000, contre 7.000 deux semaines auparavant (-28,5%).<\/p>\n<p>Dans une analyse des indicateurs \u00e9pid\u00e9miologiques et \u00e0 la lumi\u00e8re des \u00e9tudes r\u00e9alis\u00e9es par le minist\u00e8re, M. Bellefquih fait savoir que les principales causes des cas graves et des d\u00e9c\u00e8s restent le facteur de l\u2019\u00e2ge (personnes \u00e2g\u00e9es), les maladies chroniques, l\u2019ob\u00e9sit\u00e9 et la grossesse.<\/p>\n<p>La plupart de ces cas sont enregistr\u00e9s parmi les personnes non vaccin\u00e9es et chez certaines personnes dont la vaccination a d\u00e9pass\u00e9 les 6 mois, ce qui r\u00e9v\u00e8le le b\u00e9n\u00e9fice de l\u2019administration de la 3\u00e8me dose du vaccin anti-Covid, insiste-t-il.<\/p>\n<p>Le responsable du minist\u00e8re de la Sant\u00e9 et de la protection sociale n\u2019a pas manqu\u00e9 de r\u00e9it\u00e9rer son appel aux citoyens pour maintenir le strict respect des mesures pr\u00e9ventives en vigueur, pr\u00e9server les pr\u00e9cieux acquis accomplis par le Royaume dans ce combat et adh\u00e9rer sans tarder et massivement \u00e0 la campagne nationale de vaccination.<\/p>\n<p>The post <a rel=\"nofollow\" href=\"http:\/\/www.mapmarrakech.ma\/fr\/baisse-de-pres-de-la-moitie-des-cas-graves-durant-la-derniere-quinzaine\/\">Baisse de pr\u00e8s de la moiti\u00e9 des cas graves durant la derni\u00e8re quinzaine<\/a> appeared first on <a rel=\"nofollow\" href=\"http:\/\/www.mapmarrakech.ma\/fr\">MapMarrakech<\/a>.<\/p>\n<\/div>\n<p>Auteur: Meriem IGASS<br \/>\n<a href=\"http:\/\/www.mapmarrakech.ma\/fr\/baisse-de-pres-de-la-moitie-des-cas-graves-durant-la-derniere-quinzaine\/\">Cliquez ici pour lire l&rsquo;article depuis sa source.<\/a><\/p>\n","protected":false},"excerpt":{"rendered":"<p>Le nombre des malades admis aux services de r\u00e9animation est pass\u00e9 de 692, il y a deux semaines, \u00e0 352 en date du 25 octobre, d\u2019apr\u00e8s le bilan bimensuel de la situation \u00e9pid\u00e9miologique dans le Royaume, pr\u00e9sent\u00e9 par le chef de la division des maladies transmissibles, Abdelkrim Meziane Bellefquih. Cette baisse s\u2019est sensiblement r\u00e9percut\u00e9e sur [&hellip;]<\/p>\n","protected":false},"author":1788,"featured_media":0,"comment_status":"closed","ping_status":"closed","sticky":false,"template":"","format":"standard","meta":{"fifu_image_url":"http:\/\/www.mapmarrakech.ma\/map\/uploads\/2021\/10\/Abdelkrim-Meziane-Belfkih.jpg","fifu_image_alt":"Baisse de pr\u00e8s de la moiti\u00e9 des cas graves durant la derni\u00e8re quinzaine","footnotes":""},"categories":[54,76],"tags":[],"class_list":["post-131021","post","type-post","status-publish","format-standard","hentry","category-maroc","category-regions"],"_links":{"self":[{"href":"https:\/\/linitiative.ca\/International\/wp-json\/wp\/v2\/posts\/131021","targetHints":{"allow":["GET"]}}],"collection":[{"href":"https:\/\/linitiative.ca\/International\/wp-json\/wp\/v2\/posts"}],"about":[{"href":"https:\/\/linitiative.ca\/International\/wp-json\/wp\/v2\/types\/post"}],"author":[{"embeddable":true,"href":"https:\/\/linitiative.ca\/International\/wp-json\/wp\/v2\/users\/1788"}],"replies":[{"embeddable":true,"href":"https:\/\/linitiative.ca\/International\/wp-json\/wp\/v2\/comments?post=131021"}],"version-history":[{"count":0,"href":"https:\/\/linitiative.ca\/International\/wp-json\/wp\/v2\/posts\/131021\/revisions"}],"wp:attachment":[{"href":"https:\/\/linitiative.ca\/International\/wp-json\/wp\/v2\/media?parent=131021"}],"wp:term":[{"taxonomy":"category","embeddable":true,"href":"https:\/\/linitiative.ca\/International\/wp-json\/wp\/v2\/categories?post=131021"},{"taxonomy":"post_tag","embeddable":true,"href":"https:\/\/linitiative.ca\/International\/wp-json\/wp\/v2\/tags?post=131021"}],"curies":[{"name":"wp","href":"https:\/\/api.w.org\/{rel}","templated":true}]}}