{"id":131029,"date":"2021-10-26T14:08:39","date_gmt":"2021-10-26T18:08:39","guid":{"rendered":"https:\/\/linitiative.ca\/International\/royal-air-maroc-deploie-sa-nouvelle-organisation\/"},"modified":"2021-10-26T14:08:39","modified_gmt":"2021-10-26T18:08:39","slug":"royal-air-maroc-deploie-sa-nouvelle-organisation","status":"publish","type":"post","link":"https:\/\/linitiative.ca\/International\/royal-air-maroc-deploie-sa-nouvelle-organisation\/","title":{"rendered":"Royal Air Maroc d\u00e9ploie sa nouvelle organisation"},"content":{"rendered":"<div>\n<div class=\"field field-name-body field-type-text-with-summary field-label-hidden\">\n<div class=\"field-items\">\n<div class=\"field-item even\" property=\"content:encoded\">\n<p class=\"rtejustify\">Royal air Maroc (RAM) veut profiter de la reprise du transport a\u00e9rien pour se remettre sur une trajectoire de croissance. Le patron de la compagnie nationale Hamid Addou\u00a0a, en effet, pr\u00e9sent\u00e9\u00a0aux collaborateurs la nouvelle organisation de la compagnie lors d&rsquo;une r\u00e9union tenue lundi 25 octobre. Celle-ci\u00a0repose sur trois p\u00f4les (Commercial, Exp\u00e9rience Client et Transformation) outre les p\u00f4les op\u00e9rationnels et permet aussi de placer\u00a0sept femmes \u00e0 des postes de direction.\u00a0<\/p>\n<\/div>\n<\/div>\n<\/div>\n<\/div>\n<p>Auteur: hgueye<br \/>\n<a href=\"https:\/\/www.leconomiste.com\/flash-infos\/royal-air-maroc-deploie-sa-nouvelle-organisation\">Cliquez ici pour lire l&rsquo;article depuis sa source.<\/a><\/p>\n","protected":false},"excerpt":{"rendered":"<p>Royal air Maroc (RAM) veut profiter de la reprise du transport a\u00e9rien pour se remettre sur une trajectoire de croissance. Le patron de la compagnie nationale Hamid Addou\u00a0a, en effet, pr\u00e9sent\u00e9\u00a0aux collaborateurs la nouvelle organisation de la compagnie lors d&rsquo;une r\u00e9union tenue lundi 25 octobre. Celle-ci\u00a0repose sur trois p\u00f4les (Commercial, Exp\u00e9rience Client et Transformation) outre [&hellip;]<\/p>\n","protected":false},"author":1763,"featured_media":0,"comment_status":"closed","ping_status":"closed","sticky":false,"template":"","format":"standard","meta":{"fifu_image_url":"","fifu_image_alt":"","footnotes":""},"categories":[78,54],"tags":[],"class_list":["post-131029","post","type-post","status-publish","format-standard","hentry","category-economie","category-maroc"],"_links":{"self":[{"href":"https:\/\/linitiative.ca\/International\/wp-json\/wp\/v2\/posts\/131029","targetHints":{"allow":["GET"]}}],"collection":[{"href":"https:\/\/linitiative.ca\/International\/wp-json\/wp\/v2\/posts"}],"about":[{"href":"https:\/\/linitiative.ca\/International\/wp-json\/wp\/v2\/types\/post"}],"author":[{"embeddable":true,"href":"https:\/\/linitiative.ca\/International\/wp-json\/wp\/v2\/users\/1763"}],"replies":[{"embeddable":true,"href":"https:\/\/linitiative.ca\/International\/wp-json\/wp\/v2\/comments?post=131029"}],"version-history":[{"count":0,"href":"https:\/\/linitiative.ca\/International\/wp-json\/wp\/v2\/posts\/131029\/revisions"}],"wp:attachment":[{"href":"https:\/\/linitiative.ca\/International\/wp-json\/wp\/v2\/media?parent=131029"}],"wp:term":[{"taxonomy":"category","embeddable":true,"href":"https:\/\/linitiative.ca\/International\/wp-json\/wp\/v2\/categories?post=131029"},{"taxonomy":"post_tag","embeddable":true,"href":"https:\/\/linitiative.ca\/International\/wp-json\/wp\/v2\/tags?post=131029"}],"curies":[{"name":"wp","href":"https:\/\/api.w.org\/{rel}","templated":true}]}}