{"id":131035,"date":"2021-10-26T06:35:15","date_gmt":"2021-10-26T10:35:15","guid":{"rendered":"https:\/\/linitiative.ca\/International\/messaoud-boudiba-porte-parole-du-cnapeste-il-ny-a-aucune-strategie-claire-permettant-de-regler-les-problemes-dans-le-secteur\/"},"modified":"2021-10-26T06:35:15","modified_gmt":"2021-10-26T10:35:15","slug":"messaoud-boudiba-porte-parole-du-cnapeste-il-ny-a-aucune-strategie-claire-permettant-de-regler-les-problemes-dans-le-secteur","status":"publish","type":"post","link":"https:\/\/linitiative.ca\/International\/messaoud-boudiba-porte-parole-du-cnapeste-il-ny-a-aucune-strategie-claire-permettant-de-regler-les-problemes-dans-le-secteur\/","title":{"rendered":"Messaoud Boudiba. porte-parole du Cnapeste : \u00abIl n\u2019y a aucune strat\u00e9gie claire permettant de r\u00e9gler les probl\u00e8mes dans le secteur\u00bb"},"content":{"rendered":"<div>\n<div class=\"sriret\"><img loading=\"lazy\" decoding=\"async\" width=\"500\" height=\"667\" src=\"https:\/\/linitiative.ca\/International\/wp-content\/uploads\/sites\/23\/2021\/10\/07.gif\" class=\"attachment-featured_large size-featured_large wp-post-image\" alt=\"Messaoud Boudiba. Porte-parole du Cnapeste : \u00abLa privatisation des cantines attribue \u00e0 l\u2019\u00e9cole un caract\u00e8re purement commercial\u00bb\" style=\"margin-bottom: 15px;\"><\/div>\n<p class=\"p3\"><b>-Pouvez-vous nous expliquer les raisons pour lesquelles le Cnapeste a d\u00e9cid\u00e9 d\u2019aller vers la gr\u00e8ve ? <\/b><\/p>\n<p class=\"p3\">La col\u00e8re des enseignants affili\u00e9s au Cnapeste a commenc\u00e9 en avril dernier, mais nous avons voulu accorder le temps n\u00e9cessaire aux pouvoirs publics afin qu\u2019ils puissent r\u00e9pondre, \u00e0 tout le moins, aux principales revendications.<\/p>\n<p class=\"p3\">La question de l\u2019am\u00e9lioration du pouvoir d\u2019achat, qui s\u2019est impos\u00e9e \u00e0 nous, a \u00e9t\u00e9 soulev\u00e9e au mois de mai. Nous avions propos\u00e9 de mettre en place des m\u00e9canismes afin de r\u00e9gler le probl\u00e8me, parmi lesquels l\u2019instauration d\u2019un r\u00e9gime indemnitaire.<br \/>\nS\u2019il y a une revue \u00e0 la baisse du point indiciaire et une baisse de l\u2019IRG, elles doivent \u00eatre claires et lisibles, permettant v\u00e9ritablement d\u2019am\u00e9liorer le pouvoir d\u2019achat des enseignants.<br \/>\nLe deuxi\u00e8me dossier que nous avions \u00e9voqu\u00e9 concerne l\u2019acc\u00e8s au logement. Le fait est que les enseignants \u00e9prouvent de grandes difficult\u00e9s \u00e0 acc\u00e9der \u00e0 un logement, n\u2019ayant aucune possibilit\u00e9 d\u2019en acqu\u00e9rir ni par la formule du logement social, ni \u00e0 travers la formule LPP.<\/p>\n<p class=\"p3\">Le salaire de l\u2019enseignant suffit \u00e0 peine \u00e0 couvrir les besoins de la vie quotidienne. Le troisi\u00e8me dossier a trait aux questions maintes fois \u00e9voqu\u00e9es par le Cnapeste et li\u00e9es au d\u00e9part \u00e0 la retraite, \u00e0 la prime de zone, \u00e0 la libert\u00e9 syndicale\u2026<\/p>\n<p class=\"p2\"><strong>Retrouvez l\u2019inte\u0301gralite\u0301 de nos articles sur la version papier<\/strong><\/p>\n<p>L\u2019article <a rel=\"nofollow\" href=\"https:\/\/www.elwatan.com\/edition\/actualite\/messaoud-boudiba-porte-parole-du-cnapeste-il-ny-a-aucune-strategie-claire-permettant-de-regler-les-problemes-dans-le-secteur-26-10-2021\">Messaoud Boudiba. porte-parole du Cnapeste : \u00abIl n\u2019y a aucune strat\u00e9gie claire permettant de r\u00e9gler les probl\u00e8mes dans le secteur\u00bb<\/a> est apparu en premier sur <a rel=\"nofollow\" href=\"https:\/\/www.elwatan.com\/\">El Watan<\/a>.<\/p>\n<\/div>\n<p>Auteur: Hicham Chouadria<br \/>\n<a href=\"https:\/\/www.elwatan.com\/edition\/actualite\/messaoud-boudiba-porte-parole-du-cnapeste-il-ny-a-aucune-strategie-claire-permettant-de-regler-les-problemes-dans-le-secteur-26-10-2021\">Cliquez ici pour lire l&rsquo;article depuis sa source.<\/a><\/p>\n","protected":false},"excerpt":{"rendered":"<p>-Pouvez-vous nous expliquer les raisons pour lesquelles le Cnapeste a d\u00e9cid\u00e9 d\u2019aller vers la gr\u00e8ve ? La col\u00e8re des enseignants affili\u00e9s au Cnapeste a commenc\u00e9 en avril dernier, mais nous avons voulu accorder le temps n\u00e9cessaire aux pouvoirs publics afin qu\u2019ils puissent r\u00e9pondre, \u00e0 tout le moins, aux principales revendications. La question de l\u2019am\u00e9lioration du [&hellip;]<\/p>\n","protected":false},"author":1743,"featured_media":0,"comment_status":"closed","ping_status":"closed","sticky":false,"template":"","format":"standard","meta":{"fifu_image_url":"https:\/\/www.elwatan.com\/wp-content\/uploads\/2018\/09\/07.gif","fifu_image_alt":"Messaoud Boudiba. porte-parole du Cnapeste : \u00abIl n\u2019y a aucune strat\u00e9gie claire permettant de r\u00e9gler les probl\u00e8mes dans le secteur\u00bb","footnotes":""},"categories":[73,53],"tags":[],"class_list":["post-131035","post","type-post","status-publish","format-standard","hentry","category-actualite","category-algerie"],"_links":{"self":[{"href":"https:\/\/linitiative.ca\/International\/wp-json\/wp\/v2\/posts\/131035","targetHints":{"allow":["GET"]}}],"collection":[{"href":"https:\/\/linitiative.ca\/International\/wp-json\/wp\/v2\/posts"}],"about":[{"href":"https:\/\/linitiative.ca\/International\/wp-json\/wp\/v2\/types\/post"}],"author":[{"embeddable":true,"href":"https:\/\/linitiative.ca\/International\/wp-json\/wp\/v2\/users\/1743"}],"replies":[{"embeddable":true,"href":"https:\/\/linitiative.ca\/International\/wp-json\/wp\/v2\/comments?post=131035"}],"version-history":[{"count":0,"href":"https:\/\/linitiative.ca\/International\/wp-json\/wp\/v2\/posts\/131035\/revisions"}],"wp:attachment":[{"href":"https:\/\/linitiative.ca\/International\/wp-json\/wp\/v2\/media?parent=131035"}],"wp:term":[{"taxonomy":"category","embeddable":true,"href":"https:\/\/linitiative.ca\/International\/wp-json\/wp\/v2\/categories?post=131035"},{"taxonomy":"post_tag","embeddable":true,"href":"https:\/\/linitiative.ca\/International\/wp-json\/wp\/v2\/tags?post=131035"}],"curies":[{"name":"wp","href":"https:\/\/api.w.org\/{rel}","templated":true}]}}