{"id":131037,"date":"2021-10-26T06:40:33","date_gmt":"2021-10-26T10:40:33","guid":{"rendered":"https:\/\/linitiative.ca\/International\/face-a-la-grogne-des-syndicats-et-les-menaces-de-debrayage-le-ministere-de-leducation-tente-de-contenir-la-crise\/"},"modified":"2021-10-26T06:40:33","modified_gmt":"2021-10-26T10:40:33","slug":"face-a-la-grogne-des-syndicats-et-les-menaces-de-debrayage-le-ministere-de-leducation-tente-de-contenir-la-crise","status":"publish","type":"post","link":"https:\/\/linitiative.ca\/International\/face-a-la-grogne-des-syndicats-et-les-menaces-de-debrayage-le-ministere-de-leducation-tente-de-contenir-la-crise\/","title":{"rendered":"Face \u00e0 la grogne des syndicats et les menaces de d\u00e9brayage : Le minist\u00e8re de l\u2019Education tente de contenir la crise"},"content":{"rendered":"<div>\n<div class=\"sriret\"><img loading=\"lazy\" decoding=\"async\" width=\"800\" height=\"532\" src=\"https:\/\/linitiative.ca\/International\/wp-content\/uploads\/sites\/23\/2021\/10\/ministere-col-.jpg\" class=\"attachment-featured_large size-featured_large wp-post-image\" alt=\"Les syndicats de l\u2019\u00e9ducation pr\u00e9conisent l\u2019organisation du bac en septembre : Vers l\u2019annulation des examens de 5e et du BEM\" style=\"margin-bottom: 15px;\" srcset=\"https:\/\/linitiative.ca\/International\/wp-content\/uploads\/sites\/23\/2021\/10\/ministere-col-.jpg 800w, https:\/\/www.elwatan.com\/wp-content\/uploads\/2020\/04\/ministere-col--300x200.jpg 300w, https:\/\/www.elwatan.com\/wp-content\/uploads\/2020\/04\/ministere-col--768x511.jpg 768w\" sizes=\"auto, (max-width: 800px) 100vw, 800px\"><\/div>\n<p class=\"p1\"><span class=\"s1\"><b>U<\/b><\/span><span class=\"s2\">ne commission de r\u00e9vision du statut particulier et ouverture d\u2019un dialogue avec les syndicats du secteur. Le minist\u00e8re de l\u2019Education nationale tente de d\u00e9samorcer la crise et calmer la grogne des enseignants et des travailleurs du secteur qui se plaignent de la baisse de leur pouvoir d\u2019achat et de la d\u00e9gradation de leurs conditions socioprofessionnelles. <\/span><\/p>\n<p class=\"p2\"><span class=\"s2\">Alors que des syndicats, dont les plus influents du secteur, ont d\u00e9j\u00e0 annonc\u00e9 des mouvements de d\u00e9brayage pour le d\u00e9but du mois de novembre prochain, la tutelle a d\u00e9cid\u00e9 d\u2019acc\u00e9l\u00e9rer le processus de r\u00e9vision du statut particulier des travailleurs du secteur. A cet effet, le ministre, Abdelhakim Belabed, a pr\u00e9sid\u00e9, hier, la c\u00e9r\u00e9monie d\u2019installation de la commission technique charg\u00e9e de ce dossier. Cette instance, pr\u00e9cise-t-il, <i>\u00abs\u2019attelle \u00e0 examiner les propositions de tous les partenaires sociaux pour l\u2019\u00e9laboration d\u2019une nouvelle mouture du statut qui sera adopt\u00e9e \u00e0 l\u2019avenir, conform\u00e9ment, aux orientations du pr\u00e9sident de la R\u00e9publique, Abdelmadjid Tebboune, de mani\u00e8re \u00e0 garantir le bien-\u00eatre des travailleurs du secteur\u00bb<\/i>. <\/span><\/p>\n<p><strong>Retrouvez l\u2019inte\u0301gralite\u0301 de nos articles sur la version papier<\/strong><\/p>\n<p>L\u2019article <a rel=\"nofollow\" href=\"https:\/\/www.elwatan.com\/edition\/actualite\/face-a-la-grogne-des-syndicats-et-les-menaces-de-debrayage-le-ministere-de-leducation-tente-de-contenir-la-crise-26-10-2021\">Face \u00e0 la grogne des syndicats et les menaces de d\u00e9brayage : Le minist\u00e8re de l\u2019Education tente de contenir la crise<\/a> est apparu en premier sur <a rel=\"nofollow\" href=\"https:\/\/www.elwatan.com\/\">El Watan<\/a>.<\/p>\n<\/div>\n<p>Auteur: Hicham Chouadria<br \/>\n<a href=\"https:\/\/www.elwatan.com\/edition\/actualite\/face-a-la-grogne-des-syndicats-et-les-menaces-de-debrayage-le-ministere-de-leducation-tente-de-contenir-la-crise-26-10-2021\">Cliquez ici pour lire l&rsquo;article depuis sa source.<\/a><\/p>\n","protected":false},"excerpt":{"rendered":"<p>Une commission de r\u00e9vision du statut particulier et ouverture d\u2019un dialogue avec les syndicats du secteur. Le minist\u00e8re de l\u2019Education nationale tente de d\u00e9samorcer la crise et calmer la grogne des enseignants et des travailleurs du secteur qui se plaignent de la baisse de leur pouvoir d\u2019achat et de la d\u00e9gradation de leurs conditions socioprofessionnelles. [&hellip;]<\/p>\n","protected":false},"author":1743,"featured_media":0,"comment_status":"closed","ping_status":"closed","sticky":false,"template":"","format":"standard","meta":{"fifu_image_url":"https:\/\/www.elwatan.com\/wp-content\/uploads\/2020\/04\/ministere-col-.jpg","fifu_image_alt":"Face \u00e0 la grogne des syndicats et les menaces de d\u00e9brayage : Le minist\u00e8re de l\u2019Education tente de contenir la crise","footnotes":""},"categories":[73,53],"tags":[],"class_list":["post-131037","post","type-post","status-publish","format-standard","hentry","category-actualite","category-algerie"],"_links":{"self":[{"href":"https:\/\/linitiative.ca\/International\/wp-json\/wp\/v2\/posts\/131037","targetHints":{"allow":["GET"]}}],"collection":[{"href":"https:\/\/linitiative.ca\/International\/wp-json\/wp\/v2\/posts"}],"about":[{"href":"https:\/\/linitiative.ca\/International\/wp-json\/wp\/v2\/types\/post"}],"author":[{"embeddable":true,"href":"https:\/\/linitiative.ca\/International\/wp-json\/wp\/v2\/users\/1743"}],"replies":[{"embeddable":true,"href":"https:\/\/linitiative.ca\/International\/wp-json\/wp\/v2\/comments?post=131037"}],"version-history":[{"count":0,"href":"https:\/\/linitiative.ca\/International\/wp-json\/wp\/v2\/posts\/131037\/revisions"}],"wp:attachment":[{"href":"https:\/\/linitiative.ca\/International\/wp-json\/wp\/v2\/media?parent=131037"}],"wp:term":[{"taxonomy":"category","embeddable":true,"href":"https:\/\/linitiative.ca\/International\/wp-json\/wp\/v2\/categories?post=131037"},{"taxonomy":"post_tag","embeddable":true,"href":"https:\/\/linitiative.ca\/International\/wp-json\/wp\/v2\/tags?post=131037"}],"curies":[{"name":"wp","href":"https:\/\/api.w.org\/{rel}","templated":true}]}}