{"id":131041,"date":"2021-10-26T06:45:09","date_gmt":"2021-10-26T10:45:09","guid":{"rendered":"https:\/\/linitiative.ca\/International\/anie-partis-politiques-le-bras-de-fer\/"},"modified":"2021-10-26T06:45:09","modified_gmt":"2021-10-26T10:45:09","slug":"anie-partis-politiques-le-bras-de-fer","status":"publish","type":"post","link":"https:\/\/linitiative.ca\/International\/anie-partis-politiques-le-bras-de-fer\/","title":{"rendered":"ANIE-Partis politiques : Le bras de fer"},"content":{"rendered":"<div>\n<div class=\"sriret\"><img loading=\"lazy\" decoding=\"async\" width=\"1200\" height=\"675\" src=\"https:\/\/linitiative.ca\/International\/wp-content\/uploads\/sites\/23\/2021\/10\/Mohamed-Charfi.jpg\" class=\"attachment-featured_large size-featured_large wp-post-image\" alt=\"\" style=\"margin-bottom: 15px;\" srcset=\"https:\/\/linitiative.ca\/International\/wp-content\/uploads\/sites\/23\/2021\/10\/Mohamed-Charfi.jpg 1200w, https:\/\/www.elwatan.com\/wp-content\/uploads\/2021\/05\/Mohamed-Charfi-300x169.jpg 300w, https:\/\/www.elwatan.com\/wp-content\/uploads\/2021\/05\/Mohamed-Charfi-768x432.jpg 768w, https:\/\/www.elwatan.com\/wp-content\/uploads\/2021\/05\/Mohamed-Charfi-1024x576.jpg 1024w\" sizes=\"auto, (max-width: 1200px) 100vw, 1200px\"><\/div>\n<p>Tous les partis politiques participant aux \u00e9lections locales anticip\u00e9es du 27 novembre prochain ont introduit des recours aupr\u00e8s des tribunaux administratifs et devant le Conseil d\u2019Etat apr\u00e8s le rejet, pour diverses raisons, de leurs listes et dossiers de candidatures.<\/p>\n<p>Les formations politiques comme les \u00abpromoteurs\u00bb de listes ind\u00e9pendantes ont, \u00e0 bien des \u00e9gards, eu gain de cause, puisque la justice a r\u00e9habilit\u00e9 plusieurs candidats dont les dossiers de candidature ont \u00e9t\u00e9 initialement rejet\u00e9s. Ce qui a fait r\u00e9agir l\u2019Autorit\u00e9 nationale ind\u00e9pendante des \u00e9lections (ANIE) qui, \u00e0 son tour, a fait appel de nombre de verdicts de ces tribunaux administratifs. Le pr\u00e9sident de l\u2019ANIE, Mohamed Charfi, a en effet charg\u00e9 ses d\u00e9l\u00e9gu\u00e9s au niveau des wilayas de faire appel des d\u00e9cisions des tribunaux d\u2019administratifs.<\/p>\n<p><strong>Retrouvez l\u2019int\u00e9gralit\u00e9 de nos articles sur la version papier<\/strong><\/p>\n<p>L\u2019article <a rel=\"nofollow\" href=\"https:\/\/www.elwatan.com\/a-la-une\/anie-partis-politiques-le-bras-de-fer-26-10-2021\">ANIE-Partis politiques : Le bras de fer<\/a> est apparu en premier sur <a rel=\"nofollow\" href=\"https:\/\/www.elwatan.com\/\">El Watan<\/a>.<\/p>\n<\/div>\n<p>Auteur: Hicham Chouadria<br \/>\n<a href=\"https:\/\/www.elwatan.com\/a-la-une\/anie-partis-politiques-le-bras-de-fer-26-10-2021\">Cliquez ici pour lire l&rsquo;article depuis sa source.<\/a><\/p>\n","protected":false},"excerpt":{"rendered":"<p>Tous les partis politiques participant aux \u00e9lections locales anticip\u00e9es du 27 novembre prochain ont introduit des recours aupr\u00e8s des tribunaux administratifs et devant le Conseil d\u2019Etat apr\u00e8s le rejet, pour diverses raisons, de leurs listes et dossiers de candidatures. Les formations politiques comme les \u00abpromoteurs\u00bb de listes ind\u00e9pendantes ont, \u00e0 bien des \u00e9gards, eu gain [&hellip;]<\/p>\n","protected":false},"author":1743,"featured_media":0,"comment_status":"closed","ping_status":"closed","sticky":false,"template":"","format":"standard","meta":{"fifu_image_url":"https:\/\/www.elwatan.com\/wp-content\/uploads\/2021\/05\/Mohamed-Charfi.jpg","fifu_image_alt":"ANIE-Partis politiques : Le bras de fer","footnotes":""},"categories":[73,53],"tags":[],"class_list":["post-131041","post","type-post","status-publish","format-standard","hentry","category-actualite","category-algerie"],"_links":{"self":[{"href":"https:\/\/linitiative.ca\/International\/wp-json\/wp\/v2\/posts\/131041","targetHints":{"allow":["GET"]}}],"collection":[{"href":"https:\/\/linitiative.ca\/International\/wp-json\/wp\/v2\/posts"}],"about":[{"href":"https:\/\/linitiative.ca\/International\/wp-json\/wp\/v2\/types\/post"}],"author":[{"embeddable":true,"href":"https:\/\/linitiative.ca\/International\/wp-json\/wp\/v2\/users\/1743"}],"replies":[{"embeddable":true,"href":"https:\/\/linitiative.ca\/International\/wp-json\/wp\/v2\/comments?post=131041"}],"version-history":[{"count":0,"href":"https:\/\/linitiative.ca\/International\/wp-json\/wp\/v2\/posts\/131041\/revisions"}],"wp:attachment":[{"href":"https:\/\/linitiative.ca\/International\/wp-json\/wp\/v2\/media?parent=131041"}],"wp:term":[{"taxonomy":"category","embeddable":true,"href":"https:\/\/linitiative.ca\/International\/wp-json\/wp\/v2\/categories?post=131041"},{"taxonomy":"post_tag","embeddable":true,"href":"https:\/\/linitiative.ca\/International\/wp-json\/wp\/v2\/tags?post=131041"}],"curies":[{"name":"wp","href":"https:\/\/api.w.org\/{rel}","templated":true}]}}