{"id":131047,"date":"2021-10-26T12:06:00","date_gmt":"2021-10-26T16:06:00","guid":{"rendered":"https:\/\/linitiative.ca\/International\/obseques-dabdelmajid-chaker-mohamed-ennaceur-rend-hommage-a-un-illustre-patriote\/"},"modified":"2021-10-26T12:06:00","modified_gmt":"2021-10-26T16:06:00","slug":"obseques-dabdelmajid-chaker-mohamed-ennaceur-rend-hommage-a-un-illustre-patriote","status":"publish","type":"post","link":"https:\/\/linitiative.ca\/International\/obseques-dabdelmajid-chaker-mohamed-ennaceur-rend-hommage-a-un-illustre-patriote\/","title":{"rendered":"Obs\u00e8ques d\u2019Abdelmajid Chaker\u00a0: Mohamed Ennaceur rend hommage \u00e0 un illustre patriote"},"content":{"rendered":"<div><img decoding=\"async\" src=\"https:\/\/linitiative.ca\/International\/wp-content\/uploads\/sites\/23\/2021\/10\/1635261021_article.jpg\" alt=\"Obs\u00e8ques d\u2019Abdelmajid Chaker\u00a0: Mohamed Ennaceur rend hommage \u00e0 un illustre patrio\" align=\"left\">L\u2019ancien ambassadeur et ministre Abdelmajid Chaker, d\u00e9c\u00e9d\u00e9 lundi \u00e0 l\u2019\u00e2ge de 94 ans, a \u00e9t\u00e9 conduit mardi \u00e0 sa derni\u00e8re demeure lors d\u2019obs\u00e8ques marqu\u00e9es par la pr\u00e9sence d\u2019un grand nombre de personnalit\u00e9s et de militants de la premi\u00e8re heure. Dans une oraison fun\u00e8bre prononc\u00e9e \u00e0 cette occasion, l\u2019ancien pr\u00e9sident de la R\u00e9publique par int\u00e9rim, Mohamed Ennaceur a rendu hommage \u00e0 \u00ab\u00a0un illustre patriote qui s\u2019est distingu\u00e9 avec d\u00e9vouement et pers\u00e9v\u00e9rance durant la lutte pour l\u2019ind\u00e9pendance et s\u2019est investi aux c\u00f4t\u00e9s du pr\u00e9sident Bourguiba dans l\u2019\u00e9dification de la R\u00e9publique.\u00a0\u00bb<br \/>\n\u00ab\u00a0D\u2019Abdelmajid Chaker, a d\u00e9clar\u00e9 Ennaceur, nous gardons le &#8230;<\/p>\n<\/div>\n<p>Auteur:<br \/>\n<a href=\"https:\/\/www.leaders.com.tn\/article\/32579-obseques-d-abdelmajid-chaker-mohamed-ennaceur-rend-hommage-a-un-illustre-patrio\">Cliquez ici pour lire l&rsquo;article depuis sa source.<\/a><\/p>\n","protected":false},"excerpt":{"rendered":"<p>L\u2019ancien ambassadeur et ministre Abdelmajid Chaker, d\u00e9c\u00e9d\u00e9 lundi \u00e0 l\u2019\u00e2ge de 94 ans, a \u00e9t\u00e9 conduit mardi \u00e0 sa derni\u00e8re demeure lors d\u2019obs\u00e8ques marqu\u00e9es par la pr\u00e9sence d\u2019un grand nombre de personnalit\u00e9s et de militants de la premi\u00e8re heure. Dans une oraison fun\u00e8bre prononc\u00e9e \u00e0 cette occasion, l\u2019ancien pr\u00e9sident de la R\u00e9publique par int\u00e9rim, Mohamed [&hellip;]<\/p>\n","protected":false},"author":1772,"featured_media":0,"comment_status":"closed","ping_status":"closed","sticky":false,"template":"","format":"standard","meta":{"fifu_image_url":"http:\/\/www.leaders.com.tn\/uploads\/content\/thumbnails_small\/1635261021_article.jpg","fifu_image_alt":"Obs\u00e8ques d\u2019Abdelmajid Chaker\u00a0: Mohamed Ennaceur rend hommage \u00e0 un illustre patriote","footnotes":""},"categories":[73,55],"tags":[],"class_list":["post-131047","post","type-post","status-publish","format-standard","hentry","category-actualite","category-tunisie"],"_links":{"self":[{"href":"https:\/\/linitiative.ca\/International\/wp-json\/wp\/v2\/posts\/131047","targetHints":{"allow":["GET"]}}],"collection":[{"href":"https:\/\/linitiative.ca\/International\/wp-json\/wp\/v2\/posts"}],"about":[{"href":"https:\/\/linitiative.ca\/International\/wp-json\/wp\/v2\/types\/post"}],"author":[{"embeddable":true,"href":"https:\/\/linitiative.ca\/International\/wp-json\/wp\/v2\/users\/1772"}],"replies":[{"embeddable":true,"href":"https:\/\/linitiative.ca\/International\/wp-json\/wp\/v2\/comments?post=131047"}],"version-history":[{"count":0,"href":"https:\/\/linitiative.ca\/International\/wp-json\/wp\/v2\/posts\/131047\/revisions"}],"wp:attachment":[{"href":"https:\/\/linitiative.ca\/International\/wp-json\/wp\/v2\/media?parent=131047"}],"wp:term":[{"taxonomy":"category","embeddable":true,"href":"https:\/\/linitiative.ca\/International\/wp-json\/wp\/v2\/categories?post=131047"},{"taxonomy":"post_tag","embeddable":true,"href":"https:\/\/linitiative.ca\/International\/wp-json\/wp\/v2\/tags?post=131047"}],"curies":[{"name":"wp","href":"https:\/\/api.w.org\/{rel}","templated":true}]}}