{"id":131066,"date":"2021-10-26T16:50:25","date_gmt":"2021-10-26T20:50:25","guid":{"rendered":"https:\/\/linitiative.ca\/International\/tunisie-sfax-etait-la-premiere-mission-de-najla-bouden-et-elle-sera-son-premier-echec\/"},"modified":"2021-10-26T16:50:25","modified_gmt":"2021-10-26T20:50:25","slug":"tunisie-sfax-etait-la-premiere-mission-de-najla-bouden-et-elle-sera-son-premier-echec","status":"publish","type":"post","link":"https:\/\/linitiative.ca\/International\/tunisie-sfax-etait-la-premiere-mission-de-najla-bouden-et-elle-sera-son-premier-echec\/","title":{"rendered":"Tunisie \u2013 Sfax \u00e9tait la premi\u00e8re mission de Najla Bouden et elle sera son premier \u00e9chec\u00a0!"},"content":{"rendered":"<div>\n<p>On se rappelle, bien, que le pr\u00e9sident de la R\u00e9publique a charg\u00e9, depuis, d\u00e9j\u00e0, plusieurs jours, la cheffe du gouvernement, Najla Bouden, de sa premi\u00e8re mission, qu\u2019on savait assez d\u00e9licate, et qui consistait \u00e0 r\u00e9gler le probl\u00e8me des ordures m\u00e9nag\u00e8res \u00e0 Sfax. Mais, jusqu\u2019\u00e0 cet instant, la cheffe du gouvernement n\u2019a rien entrepris, ni sa [\u2026]<\/p>\n<p>L\u2019article <a href=\"https:\/\/www.tunisienumerique.com\/tunisie-sfax-etait-la-premiere-mission-de-najla-bouden-et-elle-sera-son-premier-echec\/\">Tunisie \u2013 Sfax \u00e9tait la premi\u00e8re mission de Najla Bouden et elle sera son premier \u00e9chec\u00a0!<\/a> est apparu en premier sur <a href=\"https:\/\/www.tunisienumerique.com\/\">Tunisie<\/a>.<\/p>\n<\/div>\n<p>Auteur: Saber .<br \/>\n<a href=\"https:\/\/www.tunisienumerique.com\/tunisie-sfax-etait-la-premiere-mission-de-najla-bouden-et-elle-sera-son-premier-echec\/\">Cliquez ici pour lire l&rsquo;article depuis sa source.<\/a><\/p>\n","protected":false},"excerpt":{"rendered":"<p>On se rappelle, bien, que le pr\u00e9sident de la R\u00e9publique a charg\u00e9, depuis, d\u00e9j\u00e0, plusieurs jours, la cheffe du gouvernement, Najla Bouden, de sa premi\u00e8re mission, qu\u2019on savait assez d\u00e9licate, et qui consistait \u00e0 r\u00e9gler le probl\u00e8me des ordures m\u00e9nag\u00e8res \u00e0 Sfax. Mais, jusqu\u2019\u00e0 cet instant, la cheffe du gouvernement n\u2019a rien entrepris, ni sa [&hellip;]<\/p>\n","protected":false},"author":1789,"featured_media":0,"comment_status":"closed","ping_status":"closed","sticky":false,"template":"","format":"standard","meta":{"fifu_image_url":"","fifu_image_alt":"","footnotes":""},"categories":[73,55],"tags":[],"class_list":["post-131066","post","type-post","status-publish","format-standard","hentry","category-actualite","category-tunisie"],"_links":{"self":[{"href":"https:\/\/linitiative.ca\/International\/wp-json\/wp\/v2\/posts\/131066","targetHints":{"allow":["GET"]}}],"collection":[{"href":"https:\/\/linitiative.ca\/International\/wp-json\/wp\/v2\/posts"}],"about":[{"href":"https:\/\/linitiative.ca\/International\/wp-json\/wp\/v2\/types\/post"}],"author":[{"embeddable":true,"href":"https:\/\/linitiative.ca\/International\/wp-json\/wp\/v2\/users\/1789"}],"replies":[{"embeddable":true,"href":"https:\/\/linitiative.ca\/International\/wp-json\/wp\/v2\/comments?post=131066"}],"version-history":[{"count":0,"href":"https:\/\/linitiative.ca\/International\/wp-json\/wp\/v2\/posts\/131066\/revisions"}],"wp:attachment":[{"href":"https:\/\/linitiative.ca\/International\/wp-json\/wp\/v2\/media?parent=131066"}],"wp:term":[{"taxonomy":"category","embeddable":true,"href":"https:\/\/linitiative.ca\/International\/wp-json\/wp\/v2\/categories?post=131066"},{"taxonomy":"post_tag","embeddable":true,"href":"https:\/\/linitiative.ca\/International\/wp-json\/wp\/v2\/tags?post=131066"}],"curies":[{"name":"wp","href":"https:\/\/api.w.org\/{rel}","templated":true}]}}