{"id":131072,"date":"2021-10-26T13:18:02","date_gmt":"2021-10-26T17:18:02","guid":{"rendered":"https:\/\/linitiative.ca\/International\/larmee-ivoirienne-dotee-dune-centaine-de-materiels-roulants\/"},"modified":"2021-10-26T13:18:02","modified_gmt":"2021-10-26T17:18:02","slug":"larmee-ivoirienne-dotee-dune-centaine-de-materiels-roulants","status":"publish","type":"post","link":"https:\/\/linitiative.ca\/International\/larmee-ivoirienne-dotee-dune-centaine-de-materiels-roulants\/","title":{"rendered":"L\u2019arm\u00e9e ivoirienne dot\u00e9e d\u2019une centaine de mat\u00e9riels roulants"},"content":{"rendered":"<div>\n<p><img loading=\"lazy\" decoding=\"async\" width=\"1024\" height=\"685\" src=\"https:\/\/linitiative.ca\/International\/wp-content\/uploads\/sites\/23\/2021\/10\/16352686821204.jpg\" class=\"attachment-post-thumbnail size-post-thumbnail wp-post-image\" alt=\"\" srcset=\"https:\/\/linitiative.ca\/International\/wp-content\/uploads\/sites\/23\/2021\/10\/16352686821204.jpg 1024w, https:\/\/www.journalducameroun.com\/wp-content\/uploads\/2021\/10\/16352686821204-300x201.jpg 300w, https:\/\/www.journalducameroun.com\/wp-content\/uploads\/2021\/10\/16352686821204-768x514.jpg 768w, https:\/\/www.journalducameroun.com\/wp-content\/uploads\/2021\/10\/16352686821204-658x440.jpg 658w, https:\/\/www.journalducameroun.com\/wp-content\/uploads\/2021\/10\/16352686821204-600x401.jpg 600w\" sizes=\"auto, (max-width: 1024px) 100vw, 1024px\"><\/p>\n<p>Le ministre d&rsquo;Etat, ministre de la D\u00e9fense de C\u00f4te d&rsquo;Ivoire, Ten\u00e9 Birahima Ouattara, a proc\u00e9d\u00e9 mardi \u00e0 la remise d&rsquo;une centaine de v\u00e9hicules aux forces de d\u00e9fense et de s\u00e9curit\u00e9, lors d&rsquo;une c\u00e9r\u00e9monie dans l&rsquo;enceinte du minist\u00e8re.<\/p>\n<p>\u00ab\u00a0Aujourd&rsquo;hui, ce sont une centaine de v\u00e9hicules neufs qui viennent renforcer le parc automobile de nos arm\u00e9es. D&rsquo;autres moyens de mobilit\u00e9 suivront les semaines \u00e0 venir pour tenir compte des d\u00e9fis s\u00e9curitaires actuels\u00a0\u00bb, a dit M. Birahima Ouattara, dans un discours.\u00a0<\/p>\n<p>La remise du mat\u00e9riel roulant aux forces arm\u00e9es de C\u00f4te d&rsquo;Ivoire a eu lieu \u00e0 la Place d&rsquo;armes du Groupement minist\u00e9riel des moyens g\u00e9n\u00e9raux, en pr\u00e9sence du chef d&rsquo;Etat-major g\u00e9n\u00e9ral des arm\u00e9es, Lassina Doumbia.\u00a0<\/p>\n<p>Selon le ministre d&rsquo;Etat, ministre de la D\u00e9fense, cet acte montre \u00ab\u00a0les efforts constants que le pr\u00e9sident Alassane Ouattara, chef supr\u00eame des arm\u00e9es, ne cesse de consentir\u00a0\u00bb pour doter l&rsquo;arm\u00e9e d&rsquo;outils de d\u00e9fense et de moyens indispensables \u00e0 la r\u00e9ussite de ses missions.<\/p>\n<p>Il a exprim\u00e9 sa gratitude au chef de l&rsquo;Etat pour cette marque d&rsquo;attention consentie envers ses hommes. Le pr\u00e9sident ivoirien, lancera-t-il, est \u00ab\u00a0motiv\u00e9 par votre engagement et votre r\u00e9silience face aux ennemis et aux bandes arm\u00e9es de plus en plus perfides et de plus en plus complexes \u00e0 identifier\u00a0\u00bb.\u00a0<\/p>\n<p>M. Birahima Ouattara a annonc\u00e9 des distinctions de certains, lors de la c\u00e9r\u00e9monie de c\u00e9l\u00e9bration de la traditionnelle f\u00eate du Groupement minist\u00e9riel des moyens g\u00e9n\u00e9raux qui aura lieu en d\u00e9cembre prochain.<\/p>\n<p>\u00ab\u00a0M. les g\u00e9n\u00e9raux, les v\u00e9hicules que vous venez de recevoir sont nos biens \u00e0 tous, notre outil de travail qui doit renforcer notre capacit\u00e9 de d\u00e9fense, prenez en soin car la performance d&rsquo;un v\u00e9hicule d\u00e9pend avant tout de son utilisation et de son entretien\u00a0\u00bb, a-t-il ajout\u00e9.<\/p>\n<p>Le chef d&rsquo;Etat-major g\u00e9n\u00e9ral des arm\u00e9es, Lassina Doumbia, a d\u00e9clar\u00e9 que ces \u00ab\u00a0v\u00e9hicules tactiques de haute mobilit\u00e9 viendront renforcer le parc automobile des arm\u00e9es en leur apportant une capacit\u00e9 suppl\u00e9mentaire d&rsquo;environ 700 personnels, soit la valeur d&rsquo;un bataillon organique\u00a0\u00bb.\u00a0<\/p>\n<p>Ces v\u00e9hicules sont destin\u00e9s \u00e0 l&rsquo;Etat-major des arm\u00e9es, au commandement sup\u00e9rieur de la gendarmerie nationale et \u00e0 l&rsquo;administration centrale. Ces engins arrivent dans un contexte o\u00f9 la C\u00f4te d&rsquo;Ivoire est menac\u00e9e par des attaques terroristes.\u00a0<\/p>\n<p>Cet article <a rel=\"nofollow\" href=\"https:\/\/www.journalducameroun.com\/larmee-ivoirienne-dotee-dune-centaine-de-materiels-roulants\/\">L\u2019arm\u00e9e ivoirienne dot\u00e9e d\u2019une centaine de mat\u00e9riels roulants<\/a> est apparu en premier sur <a rel=\"nofollow\" href=\"https:\/\/www.journalducameroun.com\/\">Journal du Cameroun<\/a>.<\/p>\n<\/div>\n<p>Auteur: APA News<br \/>\n<a href=\"https:\/\/www.journalducameroun.com\/larmee-ivoirienne-dotee-dune-centaine-de-materiels-roulants\/\">Cliquez ici pour lire l&rsquo;article depuis sa source.<\/a><\/p>\n","protected":false},"excerpt":{"rendered":"<p>Le ministre d&rsquo;Etat, ministre de la D\u00e9fense de C\u00f4te d&rsquo;Ivoire, Ten\u00e9 Birahima Ouattara, a proc\u00e9d\u00e9 mardi \u00e0 la remise d&rsquo;une centaine de v\u00e9hicules aux forces de d\u00e9fense et de s\u00e9curit\u00e9, lors d&rsquo;une c\u00e9r\u00e9monie dans l&rsquo;enceinte du minist\u00e8re. \u00ab\u00a0Aujourd&rsquo;hui, ce sont une centaine de v\u00e9hicules neufs qui viennent renforcer le parc automobile de nos arm\u00e9es. D&rsquo;autres [&hellip;]<\/p>\n","protected":false},"author":1965,"featured_media":0,"comment_status":"closed","ping_status":"closed","sticky":false,"template":"","format":"standard","meta":{"fifu_image_url":"https:\/\/www.journalducameroun.com\/wp-content\/uploads\/2021\/10\/16352686821204.jpg","fifu_image_alt":"L\u2019arm\u00e9e ivoirienne dot\u00e9e d\u2019une centaine de mat\u00e9riels roulants","footnotes":""},"categories":[73,82],"tags":[],"class_list":["post-131072","post","type-post","status-publish","format-standard","hentry","category-actualite","category-cameroun"],"_links":{"self":[{"href":"https:\/\/linitiative.ca\/International\/wp-json\/wp\/v2\/posts\/131072","targetHints":{"allow":["GET"]}}],"collection":[{"href":"https:\/\/linitiative.ca\/International\/wp-json\/wp\/v2\/posts"}],"about":[{"href":"https:\/\/linitiative.ca\/International\/wp-json\/wp\/v2\/types\/post"}],"author":[{"embeddable":true,"href":"https:\/\/linitiative.ca\/International\/wp-json\/wp\/v2\/users\/1965"}],"replies":[{"embeddable":true,"href":"https:\/\/linitiative.ca\/International\/wp-json\/wp\/v2\/comments?post=131072"}],"version-history":[{"count":0,"href":"https:\/\/linitiative.ca\/International\/wp-json\/wp\/v2\/posts\/131072\/revisions"}],"wp:attachment":[{"href":"https:\/\/linitiative.ca\/International\/wp-json\/wp\/v2\/media?parent=131072"}],"wp:term":[{"taxonomy":"category","embeddable":true,"href":"https:\/\/linitiative.ca\/International\/wp-json\/wp\/v2\/categories?post=131072"},{"taxonomy":"post_tag","embeddable":true,"href":"https:\/\/linitiative.ca\/International\/wp-json\/wp\/v2\/tags?post=131072"}],"curies":[{"name":"wp","href":"https:\/\/api.w.org\/{rel}","templated":true}]}}