{"id":131074,"date":"2021-10-26T13:50:58","date_gmt":"2021-10-26T17:50:58","guid":{"rendered":"https:\/\/linitiative.ca\/International\/cameroun-can-2021-abdouraman-hamadou-et-cie-contestent-laccord-cadre-aupres-du-tas\/"},"modified":"2021-10-26T13:50:58","modified_gmt":"2021-10-26T17:50:58","slug":"cameroun-can-2021-abdouraman-hamadou-et-cie-contestent-laccord-cadre-aupres-du-tas","status":"publish","type":"post","link":"https:\/\/linitiative.ca\/International\/cameroun-can-2021-abdouraman-hamadou-et-cie-contestent-laccord-cadre-aupres-du-tas\/","title":{"rendered":"Cameroun \u2013 Can 2021 : Abdouraman Hamadou et Cie contestent l\u2019accord-cadre aupr\u00e8s du TAS"},"content":{"rendered":"<div>\n<p><img loading=\"lazy\" decoding=\"async\" width=\"650\" height=\"551\" src=\"https:\/\/linitiative.ca\/International\/wp-content\/uploads\/sites\/23\/2021\/10\/Abdouraman-Hamadou.jpg\" class=\"attachment-post-thumbnail size-post-thumbnail wp-post-image\" alt=\"\" srcset=\"https:\/\/linitiative.ca\/International\/wp-content\/uploads\/sites\/23\/2021\/10\/Abdouraman-Hamadou.jpg 650w, https:\/\/www.journalducameroun.com\/wp-content\/uploads\/2021\/01\/Abdouraman-Hamadou-300x254.jpg 300w, https:\/\/www.journalducameroun.com\/wp-content\/uploads\/2021\/01\/Abdouraman-Hamadou-519x440.jpg 519w, https:\/\/www.journalducameroun.com\/wp-content\/uploads\/2021\/01\/Abdouraman-Hamadou-600x509.jpg 600w\" sizes=\"auto, (max-width: 650px) 100vw, 650px\"><\/p>\n<p style=\"text-align: justify;\"><strong>L\u2019avocat de l\u2019Assembl\u00e9e g\u00e9n\u00e9rale de 2009 annonce qu\u2019il a \u00e9t\u00e9 mandat\u00e9 pour protester contre l\u2019accord-cadre sign\u00e9 par Se\u00efdou Mbombo Njoya, pr\u00e9sent\u00e9 comme un dirigeant ill\u00e9gal \u00e0 la t\u00eate de la F\u00e9cafoot.<\/strong><\/p>\n<p style=\"text-align: justify;\">\n<p style=\"text-align: justify;\">\n<p style=\"text-align: justify;\">\n<p style=\"text-align: justify;\">\n<p style=\"text-align: justify;\">\n<p style=\"text-align: justify;\">Dans une correspondance transmise au Tribunal arbitral du sport, Me <strong>Lebel Elomo Manga<\/strong> indique qu\u2019il a \u00e9t\u00e9 mandat\u00e9 par plus de la moiti\u00e9 des membres de l\u2019Assembl\u00e9e g\u00e9n\u00e9rale de 2009<em>\u00a0<\/em>pour contester <a href=\"https:\/\/www.journalducameroun.com\/cameroun-laccord-cadre-de-la-can-totalenergies-2021-enfin-signe\/\">l\u2019accord-cadre sign\u00e9 par la CAF et le Cameroun le 22 octobre 2021 \u00e0 Yaound\u00e9<\/a>.<\/p>\n<p style=\"text-align: justify;\">R\u00e9futant \u00e0 l\u2019actuel dirigeant par int\u00e9rim de la F\u00e9cafoot la qualit\u00e9 de parapher un tel accord en raison de l\u2019annulation de son \u00e9lection en janvier 2021, les membres de l\u2019AG de 2009 estiment que la CAF viole les textes en vigueur en reconnaissant les organes d\u2019une association nationale n\u2019ayant pas \u00e9t\u00e9 \u00e9lus. \u00a0<em>\u00ab(\u2026) \u00a0en reconnaissant M. Seidou Mbombo Njoya comme pr\u00e9sident de la Fecafoot, la CAF a viol\u00e9 l\u2019article 11 de ses statuts<\/em> qui dispose que\u00a0<em> les membres des organes des associations nationales ne peuvent \u00eatre d\u00e9sign\u00e9s que par voie d\u2019\u00e9lection ou de nominations internes. Les statuts des associations doivent pr\u00e9voir des dispositions assurant une ind\u00e9pendance totale pour ces \u00e9lections ou nominations\u00a0\u00bb<\/em>, soutient-ils.<\/p>\n<p style=\"text-align: justify;\">Me Elomo Manga affirme que :\u00a0<em>\u00ab nn agissant ainsi, les membres concern\u00e9s de l\u2019Assembl\u00e9e g\u00e9n\u00e9rale de la FECAFOOT visent uniquement \u00e0 pr\u00e9server les int\u00e9r\u00eats du Cameroun qui a tout int\u00e9r\u00eat \u00e0 ce que ses droits dans le cadre de la CAN TotalEnergies 2021 soient garantis. Ce qui n\u2019est possible que si la FECAFOOT agit par l\u2019entremise de son repr\u00e9sentant l\u00e9gal et l\u00e9gitime\u00a0\u00bb.<\/em><\/p>\n<p style=\"text-align: justify;\">Cette d\u00e9marche judiciaire arrive \u00e0 moins de trois mois du coup d\u2019envoi de la <strong>CAN TotalEnergies<\/strong><\/p>\n<p>Cet article <a rel=\"nofollow\" href=\"https:\/\/www.journalducameroun.com\/cameroun-can-2021-abdouraman-hamadou-et-cie-contestent-laccord-cadre-aupres-du-tas-cameroun\/\">Cameroun \u2013 Can 2021 : Abdouraman Hamadou et Cie contestent l\u2019accord-cadre aupr\u00e8s du TAS<\/a> est apparu en premier sur <a rel=\"nofollow\" href=\"https:\/\/www.journalducameroun.com\/\">Journal du Cameroun<\/a>.<\/p>\n<\/div>\n<p>Auteur: Christian DJIMADEU<br \/>\n<a href=\"https:\/\/www.journalducameroun.com\/cameroun-can-2021-abdouraman-hamadou-et-cie-contestent-laccord-cadre-aupres-du-tas-cameroun\/\">Cliquez ici pour lire l&rsquo;article depuis sa source.<\/a><\/p>\n","protected":false},"excerpt":{"rendered":"<p>L\u2019avocat de l\u2019Assembl\u00e9e g\u00e9n\u00e9rale de 2009 annonce qu\u2019il a \u00e9t\u00e9 mandat\u00e9 pour protester contre l\u2019accord-cadre sign\u00e9 par Se\u00efdou Mbombo Njoya, pr\u00e9sent\u00e9 comme un dirigeant ill\u00e9gal \u00e0 la t\u00eate de la F\u00e9cafoot. Dans une correspondance transmise au Tribunal arbitral du sport, Me Lebel Elomo Manga indique qu\u2019il a \u00e9t\u00e9 mandat\u00e9 par plus de la moiti\u00e9 des [&hellip;]<\/p>\n","protected":false},"author":1965,"featured_media":0,"comment_status":"closed","ping_status":"closed","sticky":false,"template":"","format":"standard","meta":{"fifu_image_url":"https:\/\/www.journalducameroun.com\/wp-content\/uploads\/2021\/01\/Abdouraman-Hamadou.jpg","fifu_image_alt":"Cameroun \u2013 Can 2021 : Abdouraman Hamadou et Cie contestent l\u2019accord-cadre aupr\u00e8s du TAS","footnotes":""},"categories":[73,82],"tags":[],"class_list":["post-131074","post","type-post","status-publish","format-standard","hentry","category-actualite","category-cameroun"],"_links":{"self":[{"href":"https:\/\/linitiative.ca\/International\/wp-json\/wp\/v2\/posts\/131074","targetHints":{"allow":["GET"]}}],"collection":[{"href":"https:\/\/linitiative.ca\/International\/wp-json\/wp\/v2\/posts"}],"about":[{"href":"https:\/\/linitiative.ca\/International\/wp-json\/wp\/v2\/types\/post"}],"author":[{"embeddable":true,"href":"https:\/\/linitiative.ca\/International\/wp-json\/wp\/v2\/users\/1965"}],"replies":[{"embeddable":true,"href":"https:\/\/linitiative.ca\/International\/wp-json\/wp\/v2\/comments?post=131074"}],"version-history":[{"count":0,"href":"https:\/\/linitiative.ca\/International\/wp-json\/wp\/v2\/posts\/131074\/revisions"}],"wp:attachment":[{"href":"https:\/\/linitiative.ca\/International\/wp-json\/wp\/v2\/media?parent=131074"}],"wp:term":[{"taxonomy":"category","embeddable":true,"href":"https:\/\/linitiative.ca\/International\/wp-json\/wp\/v2\/categories?post=131074"},{"taxonomy":"post_tag","embeddable":true,"href":"https:\/\/linitiative.ca\/International\/wp-json\/wp\/v2\/tags?post=131074"}],"curies":[{"name":"wp","href":"https:\/\/api.w.org\/{rel}","templated":true}]}}