{"id":131078,"date":"2021-10-26T14:18:02","date_gmt":"2021-10-26T18:18:02","guid":{"rendered":"https:\/\/linitiative.ca\/International\/coup-detat-au-soudan-lue-hausse-le-ton\/"},"modified":"2021-10-26T14:18:02","modified_gmt":"2021-10-26T18:18:02","slug":"coup-detat-au-soudan-lue-hausse-le-ton","status":"publish","type":"post","link":"https:\/\/linitiative.ca\/International\/coup-detat-au-soudan-lue-hausse-le-ton\/","title":{"rendered":"Coup d\u2019\u00c9tat au Soudan : l\u2019UE hausse le ton"},"content":{"rendered":"<div>\n<p><img loading=\"lazy\" decoding=\"async\" width=\"250\" height=\"200\" src=\"https:\/\/linitiative.ca\/International\/wp-content\/uploads\/sites\/23\/2021\/10\/16352722827420.jpg\" class=\"attachment-post-thumbnail size-post-thumbnail wp-post-image\" alt=\"\"><\/p>\n<p>L&rsquo;Union europ\u00e9enne (UE) menace de suspendre son soutien financier au Soudan si les militaires ne renoncent pas \u00e0 leur coup de force.L&rsquo;Union europ\u00e9enne somme les militaires soudanais \u00e0 rendre le pouvoir. L&rsquo;ex\u00e9cutif europ\u00e9en a condamn\u00e9 mardi le coup d&rsquo;\u00c9tat au Soudan et menac\u00e9 de suspendre son soutien financier si les militaires persistent dans leur forfaiture.<\/p>\n<p>\u00ab Cette tentative de saper la transition du Soudan vers la d\u00e9mocratie est inacceptable. Si la situation n&rsquo;est pas invers\u00e9e imm\u00e9diatement, il y aura de graves cons\u00e9quences pour l&rsquo;engagement de l&rsquo;UE, y compris son soutien financier \u00bb, a averti le chef de la diplomatie europ\u00e9enne, Josep Borrell, dans une d\u00e9claration au nom des 27.<\/p>\n<p>La veille, il avait d\u00e9j\u00e0 invit\u00e9 les forces de s\u00e9curit\u00e9 \u00e0 lib\u00e9rer imm\u00e9diatement les personnes qu&rsquo;elles ont d\u00e9tenues ill\u00e9galement.<\/p>\n<p>\u00ab Les actions des militaires repr\u00e9sentent une trahison de la r\u00e9volution, de la transition et des demandes l\u00e9gitimes du peuple soudanais pour la paix, la justice et le d\u00e9veloppement \u00e9conomique \u00bb, avait-il dit.<\/p>\n<p>Les membres civils du gouvernement et le Premier ministre, Abdallah Hamdok, sont toujours d\u00e9tenus dans un lieu tenu secret par les hommes du g\u00e9n\u00e9ral Abdel Fattah al-Burhan, qui chapeaute la transition et d\u00e9sormais seul aux manettes du pouvoir.<\/p>\n<p>Cet article <a rel=\"nofollow\" href=\"https:\/\/www.journalducameroun.com\/coup-detat-au-soudan-lue-hausse-le-ton\/\">Coup d\u2019\u00c9tat au Soudan : l\u2019UE hausse le ton<\/a> est apparu en premier sur <a rel=\"nofollow\" href=\"https:\/\/www.journalducameroun.com\/\">Journal du Cameroun<\/a>.<\/p>\n<\/div>\n<p>Auteur: APA News<br \/>\n<a href=\"https:\/\/www.journalducameroun.com\/coup-detat-au-soudan-lue-hausse-le-ton\/\">Cliquez ici pour lire l&rsquo;article depuis sa source.<\/a><\/p>\n","protected":false},"excerpt":{"rendered":"<p>L&rsquo;Union europ\u00e9enne (UE) menace de suspendre son soutien financier au Soudan si les militaires ne renoncent pas \u00e0 leur coup de force.L&rsquo;Union europ\u00e9enne somme les militaires soudanais \u00e0 rendre le pouvoir. L&rsquo;ex\u00e9cutif europ\u00e9en a condamn\u00e9 mardi le coup d&rsquo;\u00c9tat au Soudan et menac\u00e9 de suspendre son soutien financier si les militaires persistent dans leur forfaiture. [&hellip;]<\/p>\n","protected":false},"author":1965,"featured_media":0,"comment_status":"closed","ping_status":"closed","sticky":false,"template":"","format":"standard","meta":{"fifu_image_url":"https:\/\/www.journalducameroun.com\/wp-content\/uploads\/2021\/10\/16352722827420.jpg","fifu_image_alt":"Coup d\u2019\u00c9tat au Soudan : l\u2019UE hausse le ton","footnotes":""},"categories":[73,82],"tags":[],"class_list":["post-131078","post","type-post","status-publish","format-standard","hentry","category-actualite","category-cameroun"],"_links":{"self":[{"href":"https:\/\/linitiative.ca\/International\/wp-json\/wp\/v2\/posts\/131078","targetHints":{"allow":["GET"]}}],"collection":[{"href":"https:\/\/linitiative.ca\/International\/wp-json\/wp\/v2\/posts"}],"about":[{"href":"https:\/\/linitiative.ca\/International\/wp-json\/wp\/v2\/types\/post"}],"author":[{"embeddable":true,"href":"https:\/\/linitiative.ca\/International\/wp-json\/wp\/v2\/users\/1965"}],"replies":[{"embeddable":true,"href":"https:\/\/linitiative.ca\/International\/wp-json\/wp\/v2\/comments?post=131078"}],"version-history":[{"count":0,"href":"https:\/\/linitiative.ca\/International\/wp-json\/wp\/v2\/posts\/131078\/revisions"}],"wp:attachment":[{"href":"https:\/\/linitiative.ca\/International\/wp-json\/wp\/v2\/media?parent=131078"}],"wp:term":[{"taxonomy":"category","embeddable":true,"href":"https:\/\/linitiative.ca\/International\/wp-json\/wp\/v2\/categories?post=131078"},{"taxonomy":"post_tag","embeddable":true,"href":"https:\/\/linitiative.ca\/International\/wp-json\/wp\/v2\/tags?post=131078"}],"curies":[{"name":"wp","href":"https:\/\/api.w.org\/{rel}","templated":true}]}}