{"id":131082,"date":"2021-10-26T03:17:43","date_gmt":"2021-10-26T07:17:43","guid":{"rendered":"https:\/\/linitiative.ca\/International\/la-beac-veut-construire-un-nouveau-siege-pour-sa-direction-nationale-a-yaounde\/"},"modified":"2021-10-26T03:17:43","modified_gmt":"2021-10-26T07:17:43","slug":"la-beac-veut-construire-un-nouveau-siege-pour-sa-direction-nationale-a-yaounde","status":"publish","type":"post","link":"https:\/\/linitiative.ca\/International\/la-beac-veut-construire-un-nouveau-siege-pour-sa-direction-nationale-a-yaounde\/","title":{"rendered":"La Beac veut construire un nouveau si\u00e8ge pour sa direction nationale \u00e0 Yaound\u00e9"},"content":{"rendered":"<div>\n<p>La Banque des \u00c9tats de l\u2019Afrique centrale (Beac) poursuit son programme de renouvellement et d\u2019extension de ses b\u00e2timents au Cameroun. Cette fois-ci avec la construction\u00a0d\u2019un nouvel immeuble devant abriter sa Direction Nationale \u00e0 Yaound\u00e9. \u00abDans le cadre de sa politique de gestion du patrimoine, la Banque des Etats de l\u2019Afrique Centrale envisage, sur ressources propres, de construire un nouvel immeuble devant abriter sa Direction Nationale \u00e0 Yaound\u00e9\u00a0\u00bb, informe l\u2019institut d\u2019\u00e9mission mon\u00e9taire dans un communiqu\u00e9 datant du 7 octobre 2021.\u00a0<\/p>\n<p>Pour ce faire, un appel d\u2019offres international y relatif\u00a0\u00a0a \u00e9t\u00e9 lanc\u00e9. La Beac y invite \u00ab\u00a0les entreprises qualifi\u00e9es, int\u00e9ress\u00e9es et remplissant les conditions requises, \u00e0 pr\u00e9senter une soumission\u00a0\u00bb, poursuit le communiqu\u00e9.\u00a0\u00a0Les\u00a0\u00a0participants \u00e0\u00a0\u00a0l\u2019appel d\u2019offres sont ainsi conditionn\u00e9s par le paiement de la somme non remboursable de deux millions de FCFA, et devront d\u00e9poser leur dossier\u00a0au plus tard le jeudi 02 d\u00e9cembre 2021. Notons que\u00a0les soumissions seront ouvertes en deux phases. Les plis administratifs et techniques seront ouverts, le jeudi 02 d\u00e9cembre 2021 aux Services Centraux de la Beac \u00e0 Yaound\u00e9. Les plis financiers, pour les offres jug\u00e9es conformes, seront ouverts \u00e0 une date qui sera communiqu\u00e9e ult\u00e9rieurement.\u00a0Si pour l\u2019heure la Beac n\u2019a pas lev\u00e9 le voile sur le co\u00fbt d\u2019investissement, il ne demeure pas moins que\u00a0le \u00a0que\u00a0\u00a0cet investissement permettra non seulement de rapprocher les services de la Beac des op\u00e9rateurs \u00e9conomiques, mais aussi d\u2019am\u00e9liorer le cadre de travail des employ\u00e9s.<\/p>\n<p>Pour rappel, la pr\u00e9sente d\u00e9cision de la Beac, intervient quelque temps apr\u00e8s les chantiers de construction des agences d\u2019Ebolowa dans la r\u00e9gion du Sud, donc le chantier doit \u00eatre livr\u00e9 en 2022,\u00a0\u00a0et celle de Limb\u00e9 dans le Sud-Ouest.\u00a0<\/p>\n<p>L\u2019article <a rel=\"nofollow\" href=\"https:\/\/ecomatin.net\/la-beac-veut-construire-un-nouveau-siege-pour-sa-direction-nationale-a-yaounde\/\">La Beac veut construire un nouveau si\u00e8ge pour sa direction nationale \u00e0 Yaound\u00e9<\/a> est apparu en premier sur <a rel=\"nofollow\" href=\"https:\/\/ecomatin.net\/\">EcoMatin<\/a>.<\/p>\n<\/div>\n<p>Auteur: Amina MALLOUM<br \/>\n<a href=\"https:\/\/ecomatin.net\/la-beac-veut-construire-un-nouveau-siege-pour-sa-direction-nationale-a-yaounde\/\">Cliquez ici pour lire l&rsquo;article depuis sa source.<\/a><\/p>\n","protected":false},"excerpt":{"rendered":"<p>La Banque des \u00c9tats de l\u2019Afrique centrale (Beac) poursuit son programme de renouvellement et d\u2019extension de ses b\u00e2timents au Cameroun. Cette fois-ci avec la construction\u00a0d\u2019un nouvel immeuble devant abriter sa Direction Nationale \u00e0 Yaound\u00e9. \u00abDans le cadre de sa politique de gestion du patrimoine, la Banque des Etats de l\u2019Afrique Centrale envisage, sur ressources propres, [&hellip;]<\/p>\n","protected":false},"author":1969,"featured_media":0,"comment_status":"closed","ping_status":"closed","sticky":false,"template":"","format":"standard","meta":{"fifu_image_url":"","fifu_image_alt":"","footnotes":""},"categories":[82,78],"tags":[],"class_list":["post-131082","post","type-post","status-publish","format-standard","hentry","category-cameroun","category-economie"],"_links":{"self":[{"href":"https:\/\/linitiative.ca\/International\/wp-json\/wp\/v2\/posts\/131082","targetHints":{"allow":["GET"]}}],"collection":[{"href":"https:\/\/linitiative.ca\/International\/wp-json\/wp\/v2\/posts"}],"about":[{"href":"https:\/\/linitiative.ca\/International\/wp-json\/wp\/v2\/types\/post"}],"author":[{"embeddable":true,"href":"https:\/\/linitiative.ca\/International\/wp-json\/wp\/v2\/users\/1969"}],"replies":[{"embeddable":true,"href":"https:\/\/linitiative.ca\/International\/wp-json\/wp\/v2\/comments?post=131082"}],"version-history":[{"count":0,"href":"https:\/\/linitiative.ca\/International\/wp-json\/wp\/v2\/posts\/131082\/revisions"}],"wp:attachment":[{"href":"https:\/\/linitiative.ca\/International\/wp-json\/wp\/v2\/media?parent=131082"}],"wp:term":[{"taxonomy":"category","embeddable":true,"href":"https:\/\/linitiative.ca\/International\/wp-json\/wp\/v2\/categories?post=131082"},{"taxonomy":"post_tag","embeddable":true,"href":"https:\/\/linitiative.ca\/International\/wp-json\/wp\/v2\/tags?post=131082"}],"curies":[{"name":"wp","href":"https:\/\/api.w.org\/{rel}","templated":true}]}}