{"id":131095,"date":"2021-10-27T11:23:52","date_gmt":"2021-10-27T15:23:52","guid":{"rendered":"https:\/\/linitiative.ca\/International\/covid-19-maroc-la-situation-epidemiologique-au-27-octobre-2021-a-16h00\/"},"modified":"2021-10-27T11:23:52","modified_gmt":"2021-10-27T15:23:52","slug":"covid-19-maroc-la-situation-epidemiologique-au-27-octobre-2021-a-16h00","status":"publish","type":"post","link":"https:\/\/linitiative.ca\/International\/covid-19-maroc-la-situation-epidemiologique-au-27-octobre-2021-a-16h00\/","title":{"rendered":"Covid-19 \/ Maroc : La situation \u00e9pid\u00e9miologique au 27 octobre 2021 \u00e0 16H00"},"content":{"rendered":"<div>\n<p><img loading=\"lazy\" decoding=\"async\" width=\"300\" height=\"153\" src=\"https:\/\/linitiative.ca\/International\/wp-content\/uploads\/sites\/23\/2021\/10\/maroc-covid-vaccin-300x153-2.jpg\" class=\"attachment-medium size-medium wp-post-image\" alt=\"\" srcset=\"https:\/\/linitiative.ca\/International\/wp-content\/uploads\/sites\/23\/2021\/10\/maroc-covid-vaccin-300x153-2.jpg 300w, https:\/\/aujourdhui.ma\/wp-content\/uploads\/2021\/02\/maroc-covid-vaccin-274x140.jpg 274w, https:\/\/aujourdhui.ma\/wp-content\/uploads\/2021\/02\/maroc-covid-vaccin.jpg 746w, https:\/\/aujourdhui.ma\/wp-content\/uploads\/2021\/02\/maroc-covid-vaccin-165x84.jpg 165w, https:\/\/aujourdhui.ma\/wp-content\/uploads\/2021\/02\/maroc-covid-vaccin-702x358.jpg 702w\" sizes=\"auto, (max-width: 300px) 100vw, 300px\"><\/p>\n<p><span style=\"font-size: 20px; color: #800000;\"><strong>Entre hier \u00e0 16H00 et aujourd\u2019hui \u00e0 16H00<\/strong><\/span><span id=\"more-389933\"><\/span><\/p>\n<div class=\"page\" title=\"Page 1\">\n<div class=\"section\">\n<div class=\"layoutArea\">\n<div class=\"column\">\n<p>398 nouveaux cas soit un cumul de <span id=\"page3R_mcid116\" class=\"markedContent\"><span dir=\"ltr\" role=\"presentation\">945 201<\/span><\/span><span id=\"page3R_mcid117\" class=\"markedContent\"> <\/span>cas \u00e0 ce jour.<br \/>\n309 gu\u00e9risons soit un cumul de <span id=\"page3R_mcid167\" class=\"markedContent\"><span dir=\"ltr\" role=\"presentation\">925 434<\/span><\/span><span id=\"page3R_mcid168\" class=\"markedContent\"><\/span> \u00e0 ce jour.<br \/>\n11 nouveaux d\u00e9c\u00e8s donc un cumul de <span id=\"page3R_mcid139\" class=\"markedContent\"><span dir=\"ltr\" role=\"presentation\">14 647<\/span><\/span><span id=\"page3R_mcid140\" class=\"markedContent\"> <\/span> \u00e0 ce jour.<\/p>\n<\/div>\n<\/div>\n<\/div>\n<\/div>\n<p><span style=\"color: #ff0000;\"><strong>Nombre de personnes vaccin\u00e9es au 27 octobre 16H00<\/strong><\/span><\/p>\n<p><span style=\"color: #800000;\">1\u00e8re dose :<\/span>\u00a0<strong><span id=\"page3R_mcid80\" class=\"markedContent\"><span dir=\"ltr\" role=\"presentation\">2<\/span><\/span><span id=\"page3R_mcid81\" class=\"markedContent\"><span dir=\"ltr\" role=\"presentation\">4<\/span><\/span><span id=\"page3R_mcid82\" class=\"markedContent\"> <\/span><span id=\"page3R_mcid83\" class=\"markedContent\"><span dir=\"ltr\" role=\"presentation\">053 <\/span><\/span><span id=\"page3R_mcid84\" class=\"markedContent\"><span dir=\"ltr\" role=\"presentation\">942<\/span><\/span><\/strong><\/p>\n<p><span style=\"color: #800000;\">2\u00e8me dose :<\/span>\u00a0<strong><span id=\"page3R_mcid73\" class=\"markedContent\"><span dir=\"ltr\" role=\"presentation\">21<\/span><\/span><span id=\"page3R_mcid74\" class=\"markedContent\"> <\/span><span id=\"page3R_mcid75\" class=\"markedContent\"><span dir=\"ltr\" role=\"presentation\">835 <\/span><\/span><span id=\"page3R_mcid76\" class=\"markedContent\"><span dir=\"ltr\" role=\"presentation\">545<\/span><\/span><\/strong><\/p>\n<p><span style=\"color: #800000;\">3\u00e8me dose :\u00a0<\/span><strong><span id=\"page3R_mcid66\" class=\"markedContent\"><span dir=\"ltr\" role=\"presentation\">1<\/span><\/span><span id=\"page3R_mcid67\" class=\"markedContent\"> <\/span><span id=\"page3R_mcid68\" class=\"markedContent\"><span dir=\"ltr\" role=\"presentation\">263 <\/span><\/span><span id=\"page3R_mcid69\" class=\"markedContent\"><span dir=\"ltr\" role=\"presentation\">441<\/span><\/span><\/strong><span id=\"page3R_mcid70\" class=\"markedContent\"><\/span><\/p>\n<p>\u00a0<\/p>\n<p>\u00a0<\/p>\n<\/div>\n<p>Auteur: ALM<br \/>\n<a href=\"https:\/\/aujourdhui.ma\/societe\/covid-19-maroc-la-situation-epidemiologique-au-27-octobre-2021-a-16h00\">Cliquez ici pour lire l&rsquo;article depuis sa source.<\/a><\/p>\n","protected":false},"excerpt":{"rendered":"<p>Entre hier \u00e0 16H00 et aujourd\u2019hui \u00e0 16H00 398 nouveaux cas soit un cumul de 945 201 cas \u00e0 ce jour. 309 gu\u00e9risons soit un cumul de 925 434 \u00e0 ce jour. 11 nouveaux d\u00e9c\u00e8s donc un cumul de 14 647 \u00e0 ce jour. Nombre de personnes vaccin\u00e9es au 27 octobre 16H00 1\u00e8re dose :\u00a024 [&hellip;]<\/p>\n","protected":false},"author":1759,"featured_media":0,"comment_status":"closed","ping_status":"closed","sticky":false,"template":"","format":"standard","meta":{"fifu_image_url":"https:\/\/aujourdhui.ma\/wp-content\/uploads\/2021\/02\/maroc-covid-vaccin-300x153.jpg","fifu_image_alt":"Covid-19 \/ Maroc : La situation \u00e9pid\u00e9miologique au 27 octobre 2021 \u00e0 16H00","footnotes":""},"categories":[73,54],"tags":[],"class_list":["post-131095","post","type-post","status-publish","format-standard","hentry","category-actualite","category-maroc"],"_links":{"self":[{"href":"https:\/\/linitiative.ca\/International\/wp-json\/wp\/v2\/posts\/131095","targetHints":{"allow":["GET"]}}],"collection":[{"href":"https:\/\/linitiative.ca\/International\/wp-json\/wp\/v2\/posts"}],"about":[{"href":"https:\/\/linitiative.ca\/International\/wp-json\/wp\/v2\/types\/post"}],"author":[{"embeddable":true,"href":"https:\/\/linitiative.ca\/International\/wp-json\/wp\/v2\/users\/1759"}],"replies":[{"embeddable":true,"href":"https:\/\/linitiative.ca\/International\/wp-json\/wp\/v2\/comments?post=131095"}],"version-history":[{"count":0,"href":"https:\/\/linitiative.ca\/International\/wp-json\/wp\/v2\/posts\/131095\/revisions"}],"wp:attachment":[{"href":"https:\/\/linitiative.ca\/International\/wp-json\/wp\/v2\/media?parent=131095"}],"wp:term":[{"taxonomy":"category","embeddable":true,"href":"https:\/\/linitiative.ca\/International\/wp-json\/wp\/v2\/categories?post=131095"},{"taxonomy":"post_tag","embeddable":true,"href":"https:\/\/linitiative.ca\/International\/wp-json\/wp\/v2\/tags?post=131095"}],"curies":[{"name":"wp","href":"https:\/\/api.w.org\/{rel}","templated":true}]}}