{"id":131097,"date":"2021-10-27T11:30:40","date_gmt":"2021-10-27T15:30:40","guid":{"rendered":"https:\/\/linitiative.ca\/International\/luniversite-ibn-zohr-lance-le-projet-de-lensa-de-sidi-ifni\/"},"modified":"2021-10-27T11:30:40","modified_gmt":"2021-10-27T15:30:40","slug":"luniversite-ibn-zohr-lance-le-projet-de-lensa-de-sidi-ifni","status":"publish","type":"post","link":"https:\/\/linitiative.ca\/International\/luniversite-ibn-zohr-lance-le-projet-de-lensa-de-sidi-ifni\/","title":{"rendered":"L\u2019Universit\u00e9 Ibn Zohr lance le projet de l\u2019ENSA de Sidi Ifni"},"content":{"rendered":"<div>\n<p><img loading=\"lazy\" decoding=\"async\" width=\"300\" height=\"153\" src=\"https:\/\/linitiative.ca\/International\/wp-content\/uploads\/sites\/23\/2021\/10\/LUniversite-Ibn-Zohr-lance-le-projet-300x153-1.jpg\" class=\"attachment-medium size-medium wp-post-image\" alt=\"\" srcset=\"https:\/\/linitiative.ca\/International\/wp-content\/uploads\/sites\/23\/2021\/10\/LUniversite-Ibn-Zohr-lance-le-projet-300x153-1.jpg 300w, https:\/\/aujourdhui.ma\/wp-content\/uploads\/2021\/10\/LUniversite-Ibn-Zohr-lance-le-projet-274x140.jpg 274w, https:\/\/aujourdhui.ma\/wp-content\/uploads\/2021\/10\/LUniversite-Ibn-Zohr-lance-le-projet.jpg 746w, https:\/\/aujourdhui.ma\/wp-content\/uploads\/2021\/10\/LUniversite-Ibn-Zohr-lance-le-projet-165x84.jpg 165w, https:\/\/aujourdhui.ma\/wp-content\/uploads\/2021\/10\/LUniversite-Ibn-Zohr-lance-le-projet-702x358.jpg 702w\" sizes=\"auto, (max-width: 300px) 100vw, 300px\"><\/p>\n<p><span style=\"color: #800000;\"><strong>Elle sera la premi\u00e8re \u00e9cole de formation des ing\u00e9nieurs au niveau des provinces du Sud<\/strong><\/span><span id=\"more-389909\"><\/span><\/p>\n<p>C\u2019est officiel, les provinces du sud du Royaume seront dot\u00e9es de la premi\u00e8re \u00e9cole de formation des ing\u00e9nieurs, en l\u2019occurrence l\u2019Ecole nationale des sciences appliqu\u00e9es (ENSA) qui sera bas\u00e9e dans la ville de Sidi Ifni relevant de la r\u00e9gion de Guelmim-Oued Noun. Dans les d\u00e9tails, l\u2019Universit\u00e9 Ibn Zohr d\u2019Agadir en tant que ma\u00eetre d\u2019ouvrage vient de publier un appel d\u2019offres pour le contr\u00f4le et optimisation des \u00e9tudes techniques et des travaux de construction de l\u2019ENSA \u00e0 Sidi Ifni en lot unique. La future ENSA sera cr\u00e9\u00e9e pour un budget de 75 millions de dirhams (MDH) en vertu d\u2019un accord entre le Conseil r\u00e9gional, le minist\u00e8re de l\u2019\u00e9ducation nationale, de la formation professionnelle, de l\u2019enseignement sup\u00e9rieur et de la recherche scientifique, la wilaya de la r\u00e9gion Guelmim-Oued Noun, l\u2019Universit\u00e9 Ibn Zohr d\u2019Agadir et la province de Sidi Ifni.<\/p>\n<p>Le Conseil apportera 25 MDH \u00e0 la r\u00e9alisation de ce projet, le minist\u00e8re de l\u2019\u00e9ducation nationale, de la formation professionnelle, de l\u2019enseignement sup\u00e9rieur et de la recherche scientifique mobilisera 25 MDH, tandis que l\u2019Universit\u00e9 Ibn Zohr s\u2019engage \u00e0 verser les 25 MDH restants. En effet, d\u2019importants projets dans les secteurs de l\u2019enseignement et de la formation ont vu le jour ces derniers temps \u00e0 Guelmim-Oued Noun, avec un impact tr\u00e8s fort sur la dynamique de d\u00e9veloppement global que conna\u00eet la r\u00e9gion dans tous les domaines, \u00e0 l\u2019image des autres provinces du Sud du Royaume. Ce processus de renforcement des structures \u00e9ducatives et universitaires est motiv\u00e9 par l\u2019importance de la formation et l\u2019apprentissage scientifique pour le d\u00e9veloppement de la r\u00e9gion et l\u2019avenir des g\u00e9n\u00e9rations montantes. Au vu du r\u00f4le du commerce en tant que locomotive de d\u00e9veloppement de la r\u00e9gion apr\u00e8s les ports de Tan-Tan et Sidi Ifni, un accord a \u00e9t\u00e9 sign\u00e9 lors du dernier conseil d\u2019administration de l\u2019Acad\u00e9mie r\u00e9gionale de l\u2019\u00e9ducation et de la formation de Guelmim-Oued Noun pour la cr\u00e9ation d\u2019une Ecole nationale de commerce et de gestion \u00e0 Guelmim, pour un investissement de 60 MDH.<\/p>\n<p>Dans l\u2019objectif de r\u00e9aliser une \u00e9quit\u00e9 spatiale et territoriale dans la r\u00e9gion, une facult\u00e9 pluridisciplinaire verra le jour dans la province d\u2019Assa-Zag, avec un budget estim\u00e9 \u00e0 81 millions de dirhams. A cela s\u2019ajoute l\u2019Institut sp\u00e9cialis\u00e9 de technologie appliqu\u00e9e de Tan-Tan, pour 60 MDH. L\u2019ach\u00e8vement de cette structure universitaire contribuera \u00e0 la formation, \u00e0 la valorisation et au d\u00e9veloppement de l\u2019\u00e9l\u00e9ment humain, en tant que levier essentiel du nouveau mod\u00e8le de d\u00e9veloppement des provinces du Sud.<\/p>\n<p>Dans le m\u00eame contexte, et compte tenu de l\u2019importance des ports de Sidi Ifni et de Tan-Tan dans l\u2019\u00e9conomie de la r\u00e9gion, un accord a \u00e9t\u00e9 sign\u00e9 l\u2019an dernier pour cr\u00e9er un Institut sup\u00e9rieur des m\u00e9tiers de la mer et du d\u00e9sert dans la ville d\u2019El Ouatia, pour un investissement de l\u2019ordre de 12 MDH. L\u2019Institut contribuera \u00e0 la revitalisation de l\u2019\u00e9conomie locale, au d\u00e9veloppement des ressources humaines, \u00e0 la valorisation des potentialit\u00e9s historiques, culturelles et naturelles de la r\u00e9gion et \u00e0 l\u2019encouragement de la recherche scientifique dans les m\u00e9tiers li\u00e9s \u00e0 l\u2019oc\u00e9an.<\/p>\n<\/div>\n<p>Auteur: Mohamed Laabid<br \/>\n<a href=\"https:\/\/aujourdhui.ma\/actualite\/luniversite-ibn-zohr-lance-le-projet-de-lensa-de-sidi-ifni\">Cliquez ici pour lire l&rsquo;article depuis sa source.<\/a><\/p>\n","protected":false},"excerpt":{"rendered":"<p>Elle sera la premi\u00e8re \u00e9cole de formation des ing\u00e9nieurs au niveau des provinces du Sud C\u2019est officiel, les provinces du sud du Royaume seront dot\u00e9es de la premi\u00e8re \u00e9cole de formation des ing\u00e9nieurs, en l\u2019occurrence l\u2019Ecole nationale des sciences appliqu\u00e9es (ENSA) qui sera bas\u00e9e dans la ville de Sidi Ifni relevant de la r\u00e9gion de [&hellip;]<\/p>\n","protected":false},"author":1759,"featured_media":0,"comment_status":"closed","ping_status":"closed","sticky":false,"template":"","format":"standard","meta":{"fifu_image_url":"https:\/\/aujourdhui.ma\/wp-content\/uploads\/2021\/10\/LUniversite-Ibn-Zohr-lance-le-projet-300x153.jpg","fifu_image_alt":"L\u2019Universit\u00e9 Ibn Zohr lance le projet de l\u2019ENSA de Sidi Ifni","footnotes":""},"categories":[73,54],"tags":[],"class_list":["post-131097","post","type-post","status-publish","format-standard","hentry","category-actualite","category-maroc"],"_links":{"self":[{"href":"https:\/\/linitiative.ca\/International\/wp-json\/wp\/v2\/posts\/131097","targetHints":{"allow":["GET"]}}],"collection":[{"href":"https:\/\/linitiative.ca\/International\/wp-json\/wp\/v2\/posts"}],"about":[{"href":"https:\/\/linitiative.ca\/International\/wp-json\/wp\/v2\/types\/post"}],"author":[{"embeddable":true,"href":"https:\/\/linitiative.ca\/International\/wp-json\/wp\/v2\/users\/1759"}],"replies":[{"embeddable":true,"href":"https:\/\/linitiative.ca\/International\/wp-json\/wp\/v2\/comments?post=131097"}],"version-history":[{"count":0,"href":"https:\/\/linitiative.ca\/International\/wp-json\/wp\/v2\/posts\/131097\/revisions"}],"wp:attachment":[{"href":"https:\/\/linitiative.ca\/International\/wp-json\/wp\/v2\/media?parent=131097"}],"wp:term":[{"taxonomy":"category","embeddable":true,"href":"https:\/\/linitiative.ca\/International\/wp-json\/wp\/v2\/categories?post=131097"},{"taxonomy":"post_tag","embeddable":true,"href":"https:\/\/linitiative.ca\/International\/wp-json\/wp\/v2\/tags?post=131097"}],"curies":[{"name":"wp","href":"https:\/\/api.w.org\/{rel}","templated":true}]}}