{"id":131099,"date":"2021-10-26T14:00:00","date_gmt":"2021-10-26T18:00:00","guid":{"rendered":"https:\/\/linitiative.ca\/International\/recours-aux-tribunaux-internationaux-pour-justice-et-reparation\/"},"modified":"2021-10-26T14:00:00","modified_gmt":"2021-10-26T18:00:00","slug":"recours-aux-tribunaux-internationaux-pour-justice-et-reparation","status":"publish","type":"post","link":"https:\/\/linitiative.ca\/International\/recours-aux-tribunaux-internationaux-pour-justice-et-reparation\/","title":{"rendered":"Recours aux tribunaux internationaux pour \u00abjustice et r\u00e9paration\u00bb"},"content":{"rendered":"<div>\n<p class=\"has-text-align-center has-vivid-red-color has-text-color\"><strong>Les 45\u00a0000 familles marocaines expuls\u00e9es d\u2019Alg\u00e9rie en 1975<\/strong><\/p>\n<p class=\"has-black-color has-text-color\"><strong>L\u2019association marocaine des \u00ab victimes de l\u2019expulsion arbitraire de l\u2019Alg\u00e9rie\u00a0\u00bb, qui milite pour les droits des victimes expuls\u00e9es d\u2019Alg\u00e9rie en 1975, vient de lancer une initiative pour recueillir et archiver les t\u00e9moignages des familles qui ont subi\u00a0ces expulsions massives. Un dossier vieux de plusieurs d\u00e9cennies qui prouve les forfaits commis par le r\u00e9gime militaire alg\u00e9rien ne seront pas oubli\u00e9s.<\/strong><\/p>\n<p class=\"has-black-color has-text-color\">L\u2019association des \u00ab victimes de l\u2019expulsion arbitraire de l\u2019Alg\u00e9rie\u00a0\u00bb souhaite saisir la justice internationale afin que les victimes soient d\u00e9dommag\u00e9es. Alger avait, \u00e0 l\u2019\u00e9poque, chass\u00e9 pr\u00e8s de 45 000 familles marocaines r\u00e9sidant l\u00e9galement en Alg\u00e9rie. C\u2019\u00e9tait \u00e0 la suite de la Marche Verte qui a permis au Maroc de r\u00e9cup\u00e9rer ses territoires occup\u00e9s par l\u2019Espagne et convoit\u00e9s par les g\u00e9n\u00e9raux alg\u00e9riens.<\/p>\n<p class=\"has-black-color has-text-color\">Il faudra rappeler que l\u2019expulsion massive des Marocains r\u00e9sidant en Alg\u00e9rie avait eu lieu \u00e0 l\u2019aube de la f\u00eate de l\u2019A\u00efd al-Adha, le 18 d\u00e9cembre 1975. Houari Boumediene dirigeait alors l\u2019Alg\u00e9rie et Abdelaziz Bouteflika \u00e9tait son bras droit.<\/p>\n<p class=\"has-black-color has-text-color\">Pr\u00e8s de 45 000 familles marocaines, vivant l\u00e9galement en Alg\u00e9rie, ont alors \u00e9t\u00e9 forc\u00e9es de quitter le pays en abandonnant tous leurs biens, et de nombreuses familles vivent, depuis, s\u00e9par\u00e9es entre les deux pays.\u00a0<\/p>\n<p class=\"has-black-color has-text-color\">Cette op\u00e9ration, baptis\u00e9e la \u00ab marche noire \u00bb, a \u00e9t\u00e9 d\u00e9cid\u00e9e en r\u00e9action \u00e0\u00a0<a href=\"http:\/\/www1.rfi.fr\/actufr\/articles\/071\/article_39610.asp\" target=\"_blank\" rel=\"noreferrer noopener\"><strong>la \u00ab\u00a0marche verte\u00a0\u00bb<\/strong><\/a>\u00a0lanc\u00e9e cette m\u00eame ann\u00e9e 1975\u00a0par feu SM Hassan II. Cette marche avait abouti au d\u00e9part des Espagnols du Sahara occidental, et marqu\u00e9 un tournant d\u00e9cisif dans la r\u00e9cup\u00e9ration de nos territoires sahariens.<\/p>\n<p class=\"has-black-color has-text-color\">Il faudra rappeler que l\u2019association marocaine cherche, depuis sa cr\u00e9ation en 2005, justice et r\u00e9paration pour ces familles. Cependant, les d\u00e9marches devant les tribunaux alg\u00e9riens n\u2019ayant \u00e0 ce jour jamais abouti, l\u2019association songe d\u00e9sormais faire appel aux tribunaux internationaux.<\/p>\n<p class=\"has-black-color has-text-color\">Dans le contexte de tension qui pr\u00e9vaut actuellement entre le Maroc et l\u2019Alg\u00e9rie, Hamid al Ati-Allah, pr\u00e9sident de cette association, redoute que des Marocains qui r\u00e9sident en Alg\u00e9rie soient \u00e0\u00a0leur tour expuls\u00e9s.<\/p>\n<p>L\u2019article <a rel=\"nofollow\" href=\"http:\/\/albayane.press.ma\/recours-aux-tribunaux-internationaux-pour-justice-et-reparation.html\">Recours aux tribunaux internationaux pour \u00abjustice et r\u00e9paration\u00bb<\/a> est apparu en premier sur <a rel=\"nofollow\" href=\"http:\/\/albayane.press.ma\/\">ALBAYANE<\/a>.<\/p>\n<\/div>\n<p>Auteur: M&rsquo;hammed rahal<br \/>\n<a href=\"http:\/\/albayane.press.ma\/recours-aux-tribunaux-internationaux-pour-justice-et-reparation.html\">Cliquez ici pour lire l&rsquo;article depuis sa source.<\/a><\/p>\n","protected":false},"excerpt":{"rendered":"<p>Les 45\u00a0000 familles marocaines expuls\u00e9es d\u2019Alg\u00e9rie en 1975 L\u2019association marocaine des \u00ab victimes de l\u2019expulsion arbitraire de l\u2019Alg\u00e9rie\u00a0\u00bb, qui milite pour les droits des victimes expuls\u00e9es d\u2019Alg\u00e9rie en 1975, vient de lancer une initiative pour recueillir et archiver les t\u00e9moignages des familles qui ont subi\u00a0ces expulsions massives. Un dossier vieux de plusieurs d\u00e9cennies qui prouve [&hellip;]<\/p>\n","protected":false},"author":1760,"featured_media":0,"comment_status":"closed","ping_status":"closed","sticky":false,"template":"","format":"standard","meta":{"fifu_image_url":"","fifu_image_alt":"","footnotes":""},"categories":[73,54],"tags":[],"class_list":["post-131099","post","type-post","status-publish","format-standard","hentry","category-actualite","category-maroc"],"_links":{"self":[{"href":"https:\/\/linitiative.ca\/International\/wp-json\/wp\/v2\/posts\/131099","targetHints":{"allow":["GET"]}}],"collection":[{"href":"https:\/\/linitiative.ca\/International\/wp-json\/wp\/v2\/posts"}],"about":[{"href":"https:\/\/linitiative.ca\/International\/wp-json\/wp\/v2\/types\/post"}],"author":[{"embeddable":true,"href":"https:\/\/linitiative.ca\/International\/wp-json\/wp\/v2\/users\/1760"}],"replies":[{"embeddable":true,"href":"https:\/\/linitiative.ca\/International\/wp-json\/wp\/v2\/comments?post=131099"}],"version-history":[{"count":0,"href":"https:\/\/linitiative.ca\/International\/wp-json\/wp\/v2\/posts\/131099\/revisions"}],"wp:attachment":[{"href":"https:\/\/linitiative.ca\/International\/wp-json\/wp\/v2\/media?parent=131099"}],"wp:term":[{"taxonomy":"category","embeddable":true,"href":"https:\/\/linitiative.ca\/International\/wp-json\/wp\/v2\/categories?post=131099"},{"taxonomy":"post_tag","embeddable":true,"href":"https:\/\/linitiative.ca\/International\/wp-json\/wp\/v2\/tags?post=131099"}],"curies":[{"name":"wp","href":"https:\/\/api.w.org\/{rel}","templated":true}]}}