{"id":131102,"date":"2021-10-26T20:12:19","date_gmt":"2021-10-27T00:12:19","guid":{"rendered":"https:\/\/linitiative.ca\/International\/des-efforts-pour-surmonter-les-repercussions-de-la-covid-19\/"},"modified":"2021-10-26T20:12:19","modified_gmt":"2021-10-27T00:12:19","slug":"des-efforts-pour-surmonter-les-repercussions-de-la-covid-19","status":"publish","type":"post","link":"https:\/\/linitiative.ca\/International\/des-efforts-pour-surmonter-les-repercussions-de-la-covid-19\/","title":{"rendered":"Des efforts pour surmonter les r\u00e9percussions de la Covid-19"},"content":{"rendered":"<div>\n<div style=\"margin-bottom:20px;\"><img loading=\"lazy\" decoding=\"async\" width=\"750\" height=\"430\" src=\"https:\/\/linitiative.ca\/International\/wp-content\/uploads\/sites\/23\/2021\/10\/Maroc-Covid-Arch-M-4-1.jpg\" class=\"attachment-post-thumbnail size-post-thumbnail wp-post-image\" alt=\"\" srcset=\"https:\/\/linitiative.ca\/International\/wp-content\/uploads\/sites\/23\/2021\/10\/Maroc-Covid-Arch-M-4-1.jpg 750w, http:\/\/www.mapmarrakech.ma\/map\/uploads\/2021\/10\/Maroc-Covid-Arch-M-4-1-300x172.jpg 300w\" sizes=\"auto, (max-width: 750px) 100vw, 750px\"><\/div>\n<p>Lors d\u2019une rencontre avec les membres des nouveaux conseils \u00e9lus (conseil r\u00e9gional, conseil pr\u00e9fectoral de Marrakech, conseil communal de Marrakech, conseil de la commune M\u00e9chouar El Kasbah), apr\u00e8s la formation de leurs bureaux suite aux \u00e9lections tenues en septembre et en octobre, le Wali de la r\u00e9gion Marrakech-Safi, gouverneur de la pr\u00e9fecture de Marrakech, M. Karim Kassi-Lahlou, a exprim\u00e9 la disposition de tous les services de la wilaya pour la collaboration, la coordination et l\u2019accompagnement des conseils \u00e9lus en vue de faciliter leurs missions.<\/p>\n<p>Dans ce cadre, le Wali de la r\u00e9gion Marrakech-Safi a appel\u00e9 \u00e0 intensifier les efforts pour surmonter les r\u00e9percussions n\u00e9gatives de la pand\u00e9mie de la Covid-19.<\/p>\n<p>Lors de cette rencontre, M. Kassi-Lahlou a tenu \u00e0 rappeler les enjeux qui attendent tous les intervenants pour r\u00e9aliser le d\u00e9veloppement escompt\u00e9 et r\u00e9pondre aux attentes des populations conform\u00e9ment aux Hautes Orientations Royales ainsi que les conclusions et recommandations du Nouveau mod\u00e8le de d\u00e9veloppement.<\/p>\n<p>The post <a rel=\"nofollow\" href=\"http:\/\/www.mapmarrakech.ma\/fr\/des-efforts-pour-surmonter-les-repercussions-de-la-covid-19\/\">Des efforts pour surmonter les r\u00e9percussions de la Covid-19<\/a> appeared first on <a rel=\"nofollow\" href=\"http:\/\/www.mapmarrakech.ma\/fr\">MapMarrakech<\/a>.<\/p>\n<\/div>\n<p>Auteur: Meriem IGASS<br \/>\n<a href=\"http:\/\/www.mapmarrakech.ma\/fr\/des-efforts-pour-surmonter-les-repercussions-de-la-covid-19\/\">Cliquez ici pour lire l&rsquo;article depuis sa source.<\/a><\/p>\n","protected":false},"excerpt":{"rendered":"<p>Lors d\u2019une rencontre avec les membres des nouveaux conseils \u00e9lus (conseil r\u00e9gional, conseil pr\u00e9fectoral de Marrakech, conseil communal de Marrakech, conseil de la commune M\u00e9chouar El Kasbah), apr\u00e8s la formation de leurs bureaux suite aux \u00e9lections tenues en septembre et en octobre, le Wali de la r\u00e9gion Marrakech-Safi, gouverneur de la pr\u00e9fecture de Marrakech, M. [&hellip;]<\/p>\n","protected":false},"author":1788,"featured_media":0,"comment_status":"closed","ping_status":"closed","sticky":false,"template":"","format":"standard","meta":{"fifu_image_url":"http:\/\/www.mapmarrakech.ma\/map\/uploads\/2021\/10\/Maroc-Covid-Arch-M-4-1.jpg","fifu_image_alt":"Des efforts pour surmonter les r\u00e9percussions de la Covid-19","footnotes":""},"categories":[54,76],"tags":[],"class_list":["post-131102","post","type-post","status-publish","format-standard","hentry","category-maroc","category-regions"],"_links":{"self":[{"href":"https:\/\/linitiative.ca\/International\/wp-json\/wp\/v2\/posts\/131102","targetHints":{"allow":["GET"]}}],"collection":[{"href":"https:\/\/linitiative.ca\/International\/wp-json\/wp\/v2\/posts"}],"about":[{"href":"https:\/\/linitiative.ca\/International\/wp-json\/wp\/v2\/types\/post"}],"author":[{"embeddable":true,"href":"https:\/\/linitiative.ca\/International\/wp-json\/wp\/v2\/users\/1788"}],"replies":[{"embeddable":true,"href":"https:\/\/linitiative.ca\/International\/wp-json\/wp\/v2\/comments?post=131102"}],"version-history":[{"count":0,"href":"https:\/\/linitiative.ca\/International\/wp-json\/wp\/v2\/posts\/131102\/revisions"}],"wp:attachment":[{"href":"https:\/\/linitiative.ca\/International\/wp-json\/wp\/v2\/media?parent=131102"}],"wp:term":[{"taxonomy":"category","embeddable":true,"href":"https:\/\/linitiative.ca\/International\/wp-json\/wp\/v2\/categories?post=131102"},{"taxonomy":"post_tag","embeddable":true,"href":"https:\/\/linitiative.ca\/International\/wp-json\/wp\/v2\/tags?post=131102"}],"curies":[{"name":"wp","href":"https:\/\/api.w.org\/{rel}","templated":true}]}}