{"id":131104,"date":"2021-10-27T06:14:38","date_gmt":"2021-10-27T10:14:38","guid":{"rendered":"https:\/\/linitiative.ca\/International\/debats-sur-la-realite-de-leconomie-sociale-dans-la-region-marrakech-safi\/"},"modified":"2021-10-27T06:14:38","modified_gmt":"2021-10-27T10:14:38","slug":"debats-sur-la-realite-de-leconomie-sociale-dans-la-region-marrakech-safi","status":"publish","type":"post","link":"https:\/\/linitiative.ca\/International\/debats-sur-la-realite-de-leconomie-sociale-dans-la-region-marrakech-safi\/","title":{"rendered":"D\u00e9bats sur la r\u00e9alit\u00e9 de l\u2019\u00e9conomie sociale dans la r\u00e9gion Marrakech-Safi"},"content":{"rendered":"<div>\n<div style=\"margin-bottom:20px;\"><img loading=\"lazy\" decoding=\"async\" width=\"750\" height=\"430\" src=\"https:\/\/linitiative.ca\/International\/wp-content\/uploads\/sites\/23\/2021\/10\/terroir-coopC3A9ratives-copier.jpg\" class=\"attachment-post-thumbnail size-post-thumbnail wp-post-image\" alt=\"\" srcset=\"https:\/\/linitiative.ca\/International\/wp-content\/uploads\/sites\/23\/2021\/10\/terroir-coopC3A9ratives-copier.jpg 750w, http:\/\/www.mapmarrakech.ma\/map\/uploads\/2021\/10\/terroir-coop\u00e9ratives-copier-300x172.jpg 300w\" sizes=\"auto, (max-width: 750px) 100vw, 750px\"><\/div>\n<p>Cette \u00e9tape a offert l\u2019opportunit\u00e9 pour les d\u00e9cideurs locaux et les acteurs publics, priv\u00e9s, associatifs et acad\u00e9miques, pour pr\u00e9senter leurs propositions de nature \u00e0 contribuer \u00e0 l\u2019essor de l\u2019\u00e9conomie sociale au niveau de la r\u00e9gion, et ce, conform\u00e9ment aux orientations du Nouveau Mod\u00e8le de D\u00e9veloppement (NMD) qui a accord\u00e9 une place de choix \u00e0 ce secteur \u00e9conomique.<\/p>\n<p>Pour le chercheur \u00e0 la Facult\u00e9 polydisciplinaire de Safi, M. Chemseddine Maya, l\u2019\u00e9conomie sociale repr\u00e9sente une part importante de l\u2019\u00e9conomie marocaine, forte de pr\u00e8s de 20.000 coop\u00e9ratives, soit 600.000 collaborateurs, faisant savoir que le nombre de coop\u00e9ratives marocaines repr\u00e9sente 50% de l\u2019ensemble des coop\u00e9ratives op\u00e9rant au monde arabe.<\/p>\n<p>Relevant que ce secteur b\u00e9n\u00e9ficie d\u2019une large reconnaissance des pouvoirs publics et d\u2019une forte institutionnalisation au Maroc, ce chercheur a not\u00e9 que la r\u00e9gion Marrakech-Safi est connue au niveau national pour le dynamisme de ce secteur, passant en revue plusieurs exp\u00e9riences de coop\u00e9ratives locales, qui ont r\u00e9ussi \u00e0 s\u2019imposer et devenir des mod\u00e8les de r\u00e9ussite.<\/p>\n<p>Dans ce contexte, ce chercheur a appel\u00e9 \u00e0 structurer ce secteur, \u00e0 accorder une grande importance \u00e0 la question de la formation et de la qualification des cat\u00e9gories cibl\u00e9es, et \u00e0 cr\u00e9er des p\u00f4les r\u00e9gionaux de l\u2019\u00e9conomie sociale.<\/p>\n<p>De son c\u00f4t\u00e9, le pr\u00e9sident de \u00ab\u00a0Safi Moubadara\u00a0\u00bb, M. Hassan Sa\u00e2douni, a relev\u00e9 que l\u2019\u00e9conomie sociale, qui cherche \u00e0 concilier activit\u00e9 \u00e9conomique et \u00e9quit\u00e9 sociale, n\u2019est pas un concept nouveau au Maroc puisque une premi\u00e8re exp\u00e9rience a \u00e9merg\u00e9 en 1954 \u00e0 Safi \u00e0 l\u2019\u00e9poque du Protectorat, appelant \u00e0 r\u00e9fl\u00e9chir \u00e0 la mise en place d\u2019une banque de donn\u00e9es sur l\u2019\u00e9conomie sociale et solidaire dans la r\u00e9gion pour \u00e9laborer une strat\u00e9gie de d\u00e9collage de ce secteur.<\/p>\n<p>Dans ce contexte, cet acteur associatif a pass\u00e9 en revue plusieurs initiatives associatives et \u00e9tatiques visant \u00e0 contribuer \u00e0 l\u2019\u00e9mergence d\u2019un secteur de l\u2019ESS dans la ville de Safi, ajoutant que la r\u00e9ussite d\u2019un projet dans ce secteur est tributaire de sa capacit\u00e9 d\u2019innovation.<\/p>\n<p>La directrice de l\u2019annexe du Centre r\u00e9gional\u00a0 d\u2019investissement (CRI) de Marrakech-Safi, Mme Hanane Boujarmoune, a pour sa part, soulign\u00e9 que l\u2019\u00e9mergence et le d\u00e9collage de ce secteur impose de d\u00e9passer la logique de l\u2019assistanat pour consid\u00e9rer l\u2019\u00e9conomie sociale comme un \u00ab\u00a0social business\u00a0\u00bb.<\/p>\n<p>Dans ce contexte, elle a pr\u00e9sent\u00e9 les opportunit\u00e9s d\u2019investissement et les potentialit\u00e9s naturelles et \u00e9conomiques de la province, mettant l\u2019accent sur les nouvelles missions des CRI apr\u00e8s leur r\u00e9forme, ainsi que les programmes mis en place par le centre \u00e0 l\u2019adresse des acteurs de l\u2019\u00e9conomie sociale.<\/p>\n<p>Initi\u00e9es en 2020 par la Fondation Abdelkader Bensalah, les Rencontres R\u00e9gionales de l\u2019Innovation Sociale est un rendez-vous annuel, permettent aux praticiens du d\u00e9veloppement territorial d\u2019explorer et partager des solutions non conventionnelles \u00e0 des probl\u00e8mes sociaux complexes.<\/p>\n<p>Pour l\u2019\u00e9dition 2021, la fondation a choisi de mettre au d\u00e9bat le sujet de \u00ab\u00a0L\u2019\u00e9conomie sociale r\u00e9gionale : vers la structuration du 3\u00e8me pilier de d\u00e9veloppement\u00a0\u00bb.<\/p>\n<p>Cr\u00e9\u00e9e en 2000, la Fondation Abdelkader Bensalah d\u00e9die son engagement aux plus d\u00e9munis, \u00e0 travers des actions sociales et soci\u00e9tales, notamment dans le monde rural. La fondation a choisi d\u2019orienter sa d\u00e9marche vers l\u2019innovation sociale.<\/p>\n<p>Cette fondation \u0153uvre pour inscrire l\u2019innovation sociale au c\u0153ur d\u2019un d\u00e9veloppement inclusif et \u00e9quitable. A travers l\u2019ensemble de ses actions et de ses programmes, elle soutient et met en lumi\u00e8re les personnes et les solutions qui impulsent un impact social tangible et durable en faveur des communaut\u00e9s et des territoires.<\/p>\n<p>The post <a rel=\"nofollow\" href=\"http:\/\/www.mapmarrakech.ma\/fr\/debats-sur-la-realite-de-leconomie-sociale-dans-la-region-marrakech-safi\/\">D\u00e9bats sur la r\u00e9alit\u00e9 de l\u2019\u00e9conomie sociale dans la r\u00e9gion Marrakech-Safi<\/a> appeared first on <a rel=\"nofollow\" href=\"http:\/\/www.mapmarrakech.ma\/fr\">MapMarrakech<\/a>.<\/p>\n<\/div>\n<p>Auteur: Meriem IGASS<br \/>\n<a href=\"http:\/\/www.mapmarrakech.ma\/fr\/debats-sur-la-realite-de-leconomie-sociale-dans-la-region-marrakech-safi\/\">Cliquez ici pour lire l&rsquo;article depuis sa source.<\/a><\/p>\n","protected":false},"excerpt":{"rendered":"<p>Cette \u00e9tape a offert l\u2019opportunit\u00e9 pour les d\u00e9cideurs locaux et les acteurs publics, priv\u00e9s, associatifs et acad\u00e9miques, pour pr\u00e9senter leurs propositions de nature \u00e0 contribuer \u00e0 l\u2019essor de l\u2019\u00e9conomie sociale au niveau de la r\u00e9gion, et ce, conform\u00e9ment aux orientations du Nouveau Mod\u00e8le de D\u00e9veloppement (NMD) qui a accord\u00e9 une place de choix \u00e0 ce [&hellip;]<\/p>\n","protected":false},"author":1788,"featured_media":0,"comment_status":"closed","ping_status":"closed","sticky":false,"template":"","format":"standard","meta":{"fifu_image_url":"http:\/\/www.mapmarrakech.ma\/map\/uploads\/2021\/10\/terroir-coop\u00e9ratives-copier.jpg","fifu_image_alt":"D\u00e9bats sur la r\u00e9alit\u00e9 de l\u2019\u00e9conomie sociale dans la r\u00e9gion Marrakech-Safi","footnotes":""},"categories":[54,76],"tags":[],"class_list":["post-131104","post","type-post","status-publish","format-standard","hentry","category-maroc","category-regions"],"_links":{"self":[{"href":"https:\/\/linitiative.ca\/International\/wp-json\/wp\/v2\/posts\/131104","targetHints":{"allow":["GET"]}}],"collection":[{"href":"https:\/\/linitiative.ca\/International\/wp-json\/wp\/v2\/posts"}],"about":[{"href":"https:\/\/linitiative.ca\/International\/wp-json\/wp\/v2\/types\/post"}],"author":[{"embeddable":true,"href":"https:\/\/linitiative.ca\/International\/wp-json\/wp\/v2\/users\/1788"}],"replies":[{"embeddable":true,"href":"https:\/\/linitiative.ca\/International\/wp-json\/wp\/v2\/comments?post=131104"}],"version-history":[{"count":0,"href":"https:\/\/linitiative.ca\/International\/wp-json\/wp\/v2\/posts\/131104\/revisions"}],"wp:attachment":[{"href":"https:\/\/linitiative.ca\/International\/wp-json\/wp\/v2\/media?parent=131104"}],"wp:term":[{"taxonomy":"category","embeddable":true,"href":"https:\/\/linitiative.ca\/International\/wp-json\/wp\/v2\/categories?post=131104"},{"taxonomy":"post_tag","embeddable":true,"href":"https:\/\/linitiative.ca\/International\/wp-json\/wp\/v2\/tags?post=131104"}],"curies":[{"name":"wp","href":"https:\/\/api.w.org\/{rel}","templated":true}]}}