{"id":131110,"date":"2021-10-27T08:46:05","date_gmt":"2021-10-27T12:46:05","guid":{"rendered":"https:\/\/linitiative.ca\/International\/une-formation-au-profit-de-217-femmes-travaillant-dans-lemballage\/"},"modified":"2021-10-27T08:46:05","modified_gmt":"2021-10-27T12:46:05","slug":"une-formation-au-profit-de-217-femmes-travaillant-dans-lemballage","status":"publish","type":"post","link":"https:\/\/linitiative.ca\/International\/une-formation-au-profit-de-217-femmes-travaillant-dans-lemballage\/","title":{"rendered":"Une formation au profit de 217 femmes travaillant dans l\u2019emballage"},"content":{"rendered":"<div>\n<div style=\"margin-bottom:20px;\"><img loading=\"lazy\" decoding=\"async\" width=\"750\" height=\"430\" src=\"https:\/\/linitiative.ca\/International\/wp-content\/uploads\/sites\/23\/2021\/10\/Station-de-conditionnement-Berkane-Packaging-750C397430-MAP.jpg\" class=\"attachment-post-thumbnail size-post-thumbnail wp-post-image\" alt=\"\" srcset=\"https:\/\/linitiative.ca\/International\/wp-content\/uploads\/sites\/23\/2021\/10\/Station-de-conditionnement-Berkane-Packaging-750C397430-MAP.jpg 750w, http:\/\/www.mapoujda.ma\/map\/uploads\/2021\/10\/Station-de-conditionnement-Berkane-Packaging-750\u00d7430-MAP-300x172.jpg 300w\" sizes=\"auto, (max-width: 750px) 100vw, 750px\"><\/div>\n<p style=\"text-align: justify;\">Une formation qualifiante au profit de 217 femmes travaillant dans le secteur de l\u2019emballage a \u00e9t\u00e9 organis\u00e9e r\u00e9cemment \u00e0 Berkane en mati\u00e8re d\u2019hygi\u00e8ne, de qualit\u00e9 et de s\u00e9curit\u00e9 en agro-alimentaire et les mesures li\u00e9es au Covid-19.<\/p>\n<p style=\"text-align: justify;\">Cette activit\u00e9 s\u2019est tenue dans le cadre du Programme d\u2019appui aux jeunes initiatives (AJI), conform\u00e9ment \u00e0 la convention tripartite sign\u00e9e entre l\u2019Agence nationale de promotion de l\u2019emploi et des comp\u00e9tences (ANAPEC), l\u2019Association pour la promotion de l\u2019\u00e9ducation et de la formation \u00e0 l\u2019\u00e9tranger (APEFE \u2013 Belgique) et une station d\u2019emballage et de conditionnement.<\/p>\n<p style=\"text-align: justify;\">Cette formation avait pour objectif de doter ces femmes des comp\u00e9tences relatives aux risques microbiologiques, \u00e0 la s\u00e9curit\u00e9 au travail et aux bonnes pratiques d\u2019hygi\u00e8ne.<\/p>\n<p style=\"text-align: justify;\">Pour rappel, le programme AJI est mis en place par l\u2019APEFE en partenariat avec le d\u00e9partement charg\u00e9 de l\u2019Emploi et l\u2019ANAPEC et financ\u00e9 par l\u2019Etat f\u00e9d\u00e9ral belge via l\u2019Agence belge de d\u00e9veloppement (Enabel).<\/p>\n<p>L\u2019article <a rel=\"nofollow\" href=\"http:\/\/www.mapoujda.ma\/fr\/une-formation-au-profit-de-217-femmes-travaillant-dans-lemballage\/\">Une formation au profit de 217 femmes travaillant dans l\u2019emballage<\/a> est apparu en premier sur <a rel=\"nofollow\" href=\"http:\/\/www.mapoujda.ma\/fr\">MapOujda<\/a>.<\/p>\n<\/div>\n<p>Auteur: Soufiane ELAHMAR<br \/>\n<a href=\"http:\/\/www.mapoujda.ma\/fr\/une-formation-au-profit-de-217-femmes-travaillant-dans-lemballage\/\">Cliquez ici pour lire l&rsquo;article depuis sa source.<\/a><\/p>\n","protected":false},"excerpt":{"rendered":"<p>Une formation qualifiante au profit de 217 femmes travaillant dans le secteur de l\u2019emballage a \u00e9t\u00e9 organis\u00e9e r\u00e9cemment \u00e0 Berkane en mati\u00e8re d\u2019hygi\u00e8ne, de qualit\u00e9 et de s\u00e9curit\u00e9 en agro-alimentaire et les mesures li\u00e9es au Covid-19. Cette activit\u00e9 s\u2019est tenue dans le cadre du Programme d\u2019appui aux jeunes initiatives (AJI), conform\u00e9ment \u00e0 la convention tripartite [&hellip;]<\/p>\n","protected":false},"author":1788,"featured_media":0,"comment_status":"closed","ping_status":"closed","sticky":false,"template":"","format":"standard","meta":{"fifu_image_url":"http:\/\/www.mapoujda.ma\/map\/uploads\/2021\/10\/Station-de-conditionnement-Berkane-Packaging-750\u00d7430-MAP.jpg","fifu_image_alt":"Une formation au profit de 217 femmes travaillant dans l\u2019emballage","footnotes":""},"categories":[54,76],"tags":[],"class_list":["post-131110","post","type-post","status-publish","format-standard","hentry","category-maroc","category-regions"],"_links":{"self":[{"href":"https:\/\/linitiative.ca\/International\/wp-json\/wp\/v2\/posts\/131110","targetHints":{"allow":["GET"]}}],"collection":[{"href":"https:\/\/linitiative.ca\/International\/wp-json\/wp\/v2\/posts"}],"about":[{"href":"https:\/\/linitiative.ca\/International\/wp-json\/wp\/v2\/types\/post"}],"author":[{"embeddable":true,"href":"https:\/\/linitiative.ca\/International\/wp-json\/wp\/v2\/users\/1788"}],"replies":[{"embeddable":true,"href":"https:\/\/linitiative.ca\/International\/wp-json\/wp\/v2\/comments?post=131110"}],"version-history":[{"count":0,"href":"https:\/\/linitiative.ca\/International\/wp-json\/wp\/v2\/posts\/131110\/revisions"}],"wp:attachment":[{"href":"https:\/\/linitiative.ca\/International\/wp-json\/wp\/v2\/media?parent=131110"}],"wp:term":[{"taxonomy":"category","embeddable":true,"href":"https:\/\/linitiative.ca\/International\/wp-json\/wp\/v2\/categories?post=131110"},{"taxonomy":"post_tag","embeddable":true,"href":"https:\/\/linitiative.ca\/International\/wp-json\/wp\/v2\/tags?post=131110"}],"curies":[{"name":"wp","href":"https:\/\/api.w.org\/{rel}","templated":true}]}}