{"id":131112,"date":"2021-10-27T08:51:22","date_gmt":"2021-10-27T12:51:22","guid":{"rendered":"https:\/\/linitiative.ca\/International\/oujda-une-residence-artistique-sous-le-theme-identite-au-fil-de-soi\/"},"modified":"2021-10-27T08:51:22","modified_gmt":"2021-10-27T12:51:22","slug":"oujda-une-residence-artistique-sous-le-theme-identite-au-fil-de-soi","status":"publish","type":"post","link":"https:\/\/linitiative.ca\/International\/oujda-une-residence-artistique-sous-le-theme-identite-au-fil-de-soi\/","title":{"rendered":"Oujda : Une r\u00e9sidence artistique sous le th\u00e8me \u00abIdentit\u00e9, au fil de soi\u00bb"},"content":{"rendered":"<div>\n<div style=\"margin-bottom:20px;\"><img loading=\"lazy\" decoding=\"async\" width=\"750\" height=\"430\" src=\"https:\/\/linitiative.ca\/International\/wp-content\/uploads\/sites\/23\/2021\/10\/SiC3A8ge-de-linstitut-franC3A7ais-dOujda-750C397430-MAP.jpg\" class=\"attachment-post-thumbnail size-post-thumbnail wp-post-image\" alt=\"\" srcset=\"https:\/\/linitiative.ca\/International\/wp-content\/uploads\/sites\/23\/2021\/10\/SiC3A8ge-de-linstitut-franC3A7ais-dOujda-750C397430-MAP.jpg 750w, http:\/\/www.mapoujda.ma\/map\/uploads\/2021\/10\/Si\u00e8ge-de-linstitut-fran\u00e7ais-dOujda-750\u00d7430-MAP-300x172.jpg 300w\" sizes=\"auto, (max-width: 750px) 100vw, 750px\"><\/div>\n<p style=\"text-align: justify;\">La Galerie d\u2019art Moulay El Hassan \u00e0 Oujda a accueilli, r\u00e9cemment, la restitution d\u2019une r\u00e9sidence artistique plac\u00e9e sous le th\u00e8me \u00abIdentit\u00e9, au fil de soi\u00bb, un projet participatif de la compagnie artistique AnteprimA.<\/p>\n<p style=\"text-align: justify;\">Cette r\u00e9sidence artistique, initi\u00e9e par l\u2019Institut fran\u00e7ais d\u2019Oujda, s\u2019est d\u00e9roul\u00e9e dans les locaux de l\u2019association Oujda Ain Ghazal 2000, tout au long d\u2019une semaine pendant laquelle les artistes participants ont accompagn\u00e9 des femmes en situation pr\u00e9caire pour cr\u00e9er ensemble.<\/p>\n<p style=\"text-align: justify;\">La th\u00e9matique de cet \u00e9v\u00e8nement, qui a port\u00e9 sur des rencontres avec des professionnels du th\u00e9\u00e2tre et des ateliers d\u2019\u00e9criture et de photographie, est li\u00e9e \u00e0 l\u2019habit, en tant que reflet de l\u2019identit\u00e9 et expression de l\u2019authenticit\u00e9, mais aussi une carte d\u2019identit\u00e9 pour l\u2019individu et sa personnalit\u00e9 sociale.<\/p>\n<p>L\u2019article <a rel=\"nofollow\" href=\"http:\/\/www.mapoujda.ma\/fr\/oujda-une-residence-artistique-sous-le-theme-identite-au-fil-de-soi\/\">Oujda : Une r\u00e9sidence artistique sous le th\u00e8me \u00abIdentit\u00e9, au fil de soi\u00bb<\/a> est apparu en premier sur <a rel=\"nofollow\" href=\"http:\/\/www.mapoujda.ma\/fr\">MapOujda<\/a>.<\/p>\n<\/div>\n<p>Auteur: Soufiane ELAHMAR<br \/>\n<a href=\"http:\/\/www.mapoujda.ma\/fr\/oujda-une-residence-artistique-sous-le-theme-identite-au-fil-de-soi\/\">Cliquez ici pour lire l&rsquo;article depuis sa source.<\/a><\/p>\n","protected":false},"excerpt":{"rendered":"<p>La Galerie d\u2019art Moulay El Hassan \u00e0 Oujda a accueilli, r\u00e9cemment, la restitution d\u2019une r\u00e9sidence artistique plac\u00e9e sous le th\u00e8me \u00abIdentit\u00e9, au fil de soi\u00bb, un projet participatif de la compagnie artistique AnteprimA. Cette r\u00e9sidence artistique, initi\u00e9e par l\u2019Institut fran\u00e7ais d\u2019Oujda, s\u2019est d\u00e9roul\u00e9e dans les locaux de l\u2019association Oujda Ain Ghazal 2000, tout au long [&hellip;]<\/p>\n","protected":false},"author":1788,"featured_media":0,"comment_status":"closed","ping_status":"closed","sticky":false,"template":"","format":"standard","meta":{"fifu_image_url":"http:\/\/www.mapoujda.ma\/map\/uploads\/2021\/10\/Si\u00e8ge-de-linstitut-fran\u00e7ais-dOujda-750\u00d7430-MAP.jpg","fifu_image_alt":"Oujda : Une r\u00e9sidence artistique sous le th\u00e8me \u00abIdentit\u00e9, au fil de soi\u00bb","footnotes":""},"categories":[54,76],"tags":[],"class_list":["post-131112","post","type-post","status-publish","format-standard","hentry","category-maroc","category-regions"],"_links":{"self":[{"href":"https:\/\/linitiative.ca\/International\/wp-json\/wp\/v2\/posts\/131112","targetHints":{"allow":["GET"]}}],"collection":[{"href":"https:\/\/linitiative.ca\/International\/wp-json\/wp\/v2\/posts"}],"about":[{"href":"https:\/\/linitiative.ca\/International\/wp-json\/wp\/v2\/types\/post"}],"author":[{"embeddable":true,"href":"https:\/\/linitiative.ca\/International\/wp-json\/wp\/v2\/users\/1788"}],"replies":[{"embeddable":true,"href":"https:\/\/linitiative.ca\/International\/wp-json\/wp\/v2\/comments?post=131112"}],"version-history":[{"count":0,"href":"https:\/\/linitiative.ca\/International\/wp-json\/wp\/v2\/posts\/131112\/revisions"}],"wp:attachment":[{"href":"https:\/\/linitiative.ca\/International\/wp-json\/wp\/v2\/media?parent=131112"}],"wp:term":[{"taxonomy":"category","embeddable":true,"href":"https:\/\/linitiative.ca\/International\/wp-json\/wp\/v2\/categories?post=131112"},{"taxonomy":"post_tag","embeddable":true,"href":"https:\/\/linitiative.ca\/International\/wp-json\/wp\/v2\/tags?post=131112"}],"curies":[{"name":"wp","href":"https:\/\/api.w.org\/{rel}","templated":true}]}}