{"id":131116,"date":"2021-10-27T13:37:12","date_gmt":"2021-10-27T17:37:12","guid":{"rendered":"https:\/\/linitiative.ca\/International\/oriental-un-taux-de-croissance-de-55-en-2019\/"},"modified":"2021-10-27T13:37:12","modified_gmt":"2021-10-27T17:37:12","slug":"oriental-un-taux-de-croissance-de-55-en-2019","status":"publish","type":"post","link":"https:\/\/linitiative.ca\/International\/oriental-un-taux-de-croissance-de-55-en-2019\/","title":{"rendered":"Oriental : Un taux de croissance de 5,5 % en 2019"},"content":{"rendered":"<div>\n<div style=\"margin-bottom:20px;\"><img loading=\"lazy\" decoding=\"async\" width=\"750\" height=\"430\" src=\"https:\/\/linitiative.ca\/International\/wp-content\/uploads\/sites\/23\/2021\/10\/oujda-assouplissement-confinement-M750C397430-MAP.jpg\" class=\"attachment-post-thumbnail size-post-thumbnail wp-post-image\" alt=\"\" srcset=\"https:\/\/linitiative.ca\/International\/wp-content\/uploads\/sites\/23\/2021\/10\/oujda-assouplissement-confinement-M750C397430-MAP.jpg 750w, http:\/\/www.mapoujda.ma\/map\/uploads\/2020\/07\/oujda-assouplissement-confinement-M750\u00d7430-MAP-300x172.jpg 300w\" sizes=\"auto, (max-width: 750px) 100vw, 750px\"><\/div>\n<div>\n<p style=\"text-align: justify;\">La r\u00e9gion de l\u2019Oriental a enregistr\u00e9 en 2019 un taux de croissance de 5,5% contre 4,2% une ann\u00e9e auparavant, soit une augmentation de l\u2019ordre de 1,3 point, a indiqu\u00e9 la direction r\u00e9gionale de l\u2019Oriental du Haut-Commissariat au plan (HCP).<\/p>\n<p style=\"text-align: justify;\">Cette croissance est sup\u00e9rieure de 2,9 points \u00e0 celle du niveau national, a soulign\u00e9 la direction r\u00e9gionale du HCP dans sa note d\u2019information relative au compte r\u00e9gional de l\u2019Oriental pour l\u2019ann\u00e9e 2019, notant que cette r\u00e9gion a ainsi occup\u00e9 la cinqui\u00e8me place en termes de croissance du PIB et sa contribution \u00e0 la croissance du PIB national est de 0,3 point.<\/p>\n<p style=\"text-align: justify;\">Au terme de la m\u00eame ann\u00e9e, la r\u00e9gion a enregistr\u00e9 un PIB aux prix courants de 59.278 millions de DH, soit une augmentation de 8,1% par rapport \u00e0 2018 et une contribution \u00e0 hauteur de 5,1% \u00e0 la cr\u00e9ation de la richesse nationale.<\/p>\n<p style=\"text-align: justify;\">Par ailleurs, la r\u00e9gion de l\u2019Oriental a maintenu en 2019 la neuvi\u00e8me place en ce qui concerne le PIB par habitant. Ce dernier s\u2019est \u00e9lev\u00e9 \u00e0 24.419 DH au lieu de 22.832 DH en 2018, enregistrant ainsi une hausse de 7%.<\/p>\n<p style=\"text-align: justify;\">Malgr\u00e9 cette \u00e9volution positive, le PIB par t\u00eate de la r\u00e9gion reste en dessous de son homologue national qui est de 32.394 DH, soit un \u00e9cart de 7.975 DH.<\/p>\n<p style=\"text-align: justify;\">D\u2019autre part, les d\u00e9penses de consommation finale des m\u00e9nages de la r\u00e9gion de l\u2019Oriental ont atteint 45.757 millions de DH en 2019 contre 44.815 millions de DH en 2018, soit une augmentation de l\u2019ordre de 2,1%.<\/p>\n<p style=\"text-align: justify;\">Ainsi, la r\u00e9gion de l\u2019Oriental a particip\u00e9 pour 7% aux d\u00e9penses de consommation finale des m\u00e9nages au niveau national.<\/p>\n<p style=\"text-align: justify;\">Quant aux d\u00e9penses de consommation finale des m\u00e9nages de la r\u00e9gion par habitant, elles sont pass\u00e9es de 18.655 DH en 2018 \u00e0 18.849 DH en 2019, soit une hausse de 1% et d\u00e9passant celles enregistr\u00e9es \u00e0 l\u2019\u00e9chelle nationale de 468 DH.<\/p>\n<p style=\"text-align: justify;\">Ces d\u00e9penses de consommation finale par t\u00eate ont permis \u00e0 la r\u00e9gion de l\u2019Oriental de garder son sixi\u00e8me rang parmi les 12 r\u00e9gions.<\/p>\n<\/div>\n<p>L\u2019article <a rel=\"nofollow\" href=\"http:\/\/www.mapoujda.ma\/fr\/oriental-un-taux-de-croissance-de-55-en-2019\/\">Oriental : Un taux de croissance de 5,5 % en 2019<\/a> est apparu en premier sur <a rel=\"nofollow\" href=\"http:\/\/www.mapoujda.ma\/fr\">MapOujda<\/a>.<\/p>\n<\/div>\n<p>Auteur: Soufiane ELAHMAR<br \/>\n<a href=\"http:\/\/www.mapoujda.ma\/fr\/oriental-un-taux-de-croissance-de-55-en-2019\/\">Cliquez ici pour lire l&rsquo;article depuis sa source.<\/a><\/p>\n","protected":false},"excerpt":{"rendered":"<p>La r\u00e9gion de l\u2019Oriental a enregistr\u00e9 en 2019 un taux de croissance de 5,5% contre 4,2% une ann\u00e9e auparavant, soit une augmentation de l\u2019ordre de 1,3 point, a indiqu\u00e9 la direction r\u00e9gionale de l\u2019Oriental du Haut-Commissariat au plan (HCP). Cette croissance est sup\u00e9rieure de 2,9 points \u00e0 celle du niveau national, a soulign\u00e9 la direction [&hellip;]<\/p>\n","protected":false},"author":1788,"featured_media":0,"comment_status":"closed","ping_status":"closed","sticky":false,"template":"","format":"standard","meta":{"fifu_image_url":"http:\/\/www.mapoujda.ma\/map\/uploads\/2020\/07\/oujda-assouplissement-confinement-M750\u00d7430-MAP.jpg","fifu_image_alt":"Oriental : Un taux de croissance de 5,5 % en 2019","footnotes":""},"categories":[54,76],"tags":[],"class_list":["post-131116","post","type-post","status-publish","format-standard","hentry","category-maroc","category-regions"],"_links":{"self":[{"href":"https:\/\/linitiative.ca\/International\/wp-json\/wp\/v2\/posts\/131116","targetHints":{"allow":["GET"]}}],"collection":[{"href":"https:\/\/linitiative.ca\/International\/wp-json\/wp\/v2\/posts"}],"about":[{"href":"https:\/\/linitiative.ca\/International\/wp-json\/wp\/v2\/types\/post"}],"author":[{"embeddable":true,"href":"https:\/\/linitiative.ca\/International\/wp-json\/wp\/v2\/users\/1788"}],"replies":[{"embeddable":true,"href":"https:\/\/linitiative.ca\/International\/wp-json\/wp\/v2\/comments?post=131116"}],"version-history":[{"count":0,"href":"https:\/\/linitiative.ca\/International\/wp-json\/wp\/v2\/posts\/131116\/revisions"}],"wp:attachment":[{"href":"https:\/\/linitiative.ca\/International\/wp-json\/wp\/v2\/media?parent=131116"}],"wp:term":[{"taxonomy":"category","embeddable":true,"href":"https:\/\/linitiative.ca\/International\/wp-json\/wp\/v2\/categories?post=131116"},{"taxonomy":"post_tag","embeddable":true,"href":"https:\/\/linitiative.ca\/International\/wp-json\/wp\/v2\/tags?post=131116"}],"curies":[{"name":"wp","href":"https:\/\/api.w.org\/{rel}","templated":true}]}}