{"id":131121,"date":"2021-10-27T11:30:31","date_gmt":"2021-10-27T15:30:31","guid":{"rendered":"https:\/\/linitiative.ca\/International\/enseignement-superieur-plus-de-2-3-des-diplomes-decrochent-un-emploi-quatre-ans-apres\/"},"modified":"2021-10-27T11:30:31","modified_gmt":"2021-10-27T15:30:31","slug":"enseignement-superieur-plus-de-2-3-des-diplomes-decrochent-un-emploi-quatre-ans-apres","status":"publish","type":"post","link":"https:\/\/linitiative.ca\/International\/enseignement-superieur-plus-de-2-3-des-diplomes-decrochent-un-emploi-quatre-ans-apres\/","title":{"rendered":"Enseignement sup\u00e9rieur: Plus de 2\/3 des dipl\u00f4m\u00e9s d\u00e9crochent un emploi quatre ans apr\u00e8s"},"content":{"rendered":"<div>\n<div class=\"field field-name-body field-type-text-with-summary field-label-hidden\">\n<div class=\"field-items\">\n<div class=\"field-item even\" property=\"content:encoded\">\n<p class=\"rtejustify\">Les chiffres concernent l\u2019ann\u00e9e 2018, mais ils constituent des indicateurs int\u00e9ressants sur l\u2019emploi des dipl\u00f4m\u00e9s de l\u2019enseignement sup\u00e9rieur. Selon l\u2019enqu\u00eate sur l\u2019insertion professionnelle des laur\u00e9ats de l\u2019enseignement sup\u00e9rieur dont les r\u00e9sultats ont \u00e9t\u00e9 pr\u00e9sent\u00e9s mercredi par l\u2019Instance nationale d\u2019\u00e9valuation aupr\u00e8s du Conseil sup\u00e9rieur de l\u2019\u00e9ducation, de la formation et de la recherche scientifique (INE-CSEFRS), plus des deux tiers (69,4%) des dipl\u00f4m\u00e9s de l\u2019enseignement sup\u00e9rieur sont en situation d\u2019emploi quatre ans apr\u00e8s avoir d\u00e9croch\u00e9 leur s\u00e9same.<\/p>\n<\/div>\n<\/div>\n<\/div>\n<\/div>\n<p>Auteur: mbasraoui<br \/>\n<a href=\"https:\/\/www.leconomiste.com\/flash-infos\/enseignement-superieur-plus-de-2-3-des-diplomes-decrochent-un-emploi-quatre-ans-apres\">Cliquez ici pour lire l&rsquo;article depuis sa source.<\/a><\/p>\n","protected":false},"excerpt":{"rendered":"<p>Les chiffres concernent l\u2019ann\u00e9e 2018, mais ils constituent des indicateurs int\u00e9ressants sur l\u2019emploi des dipl\u00f4m\u00e9s de l\u2019enseignement sup\u00e9rieur. Selon l\u2019enqu\u00eate sur l\u2019insertion professionnelle des laur\u00e9ats de l\u2019enseignement sup\u00e9rieur dont les r\u00e9sultats ont \u00e9t\u00e9 pr\u00e9sent\u00e9s mercredi par l\u2019Instance nationale d\u2019\u00e9valuation aupr\u00e8s du Conseil sup\u00e9rieur de l\u2019\u00e9ducation, de la formation et de la recherche scientifique (INE-CSEFRS), plus [&hellip;]<\/p>\n","protected":false},"author":1763,"featured_media":0,"comment_status":"closed","ping_status":"closed","sticky":false,"template":"","format":"standard","meta":{"fifu_image_url":"","fifu_image_alt":"","footnotes":""},"categories":[78,54],"tags":[],"class_list":["post-131121","post","type-post","status-publish","format-standard","hentry","category-economie","category-maroc"],"_links":{"self":[{"href":"https:\/\/linitiative.ca\/International\/wp-json\/wp\/v2\/posts\/131121","targetHints":{"allow":["GET"]}}],"collection":[{"href":"https:\/\/linitiative.ca\/International\/wp-json\/wp\/v2\/posts"}],"about":[{"href":"https:\/\/linitiative.ca\/International\/wp-json\/wp\/v2\/types\/post"}],"author":[{"embeddable":true,"href":"https:\/\/linitiative.ca\/International\/wp-json\/wp\/v2\/users\/1763"}],"replies":[{"embeddable":true,"href":"https:\/\/linitiative.ca\/International\/wp-json\/wp\/v2\/comments?post=131121"}],"version-history":[{"count":0,"href":"https:\/\/linitiative.ca\/International\/wp-json\/wp\/v2\/posts\/131121\/revisions"}],"wp:attachment":[{"href":"https:\/\/linitiative.ca\/International\/wp-json\/wp\/v2\/media?parent=131121"}],"wp:term":[{"taxonomy":"category","embeddable":true,"href":"https:\/\/linitiative.ca\/International\/wp-json\/wp\/v2\/categories?post=131121"},{"taxonomy":"post_tag","embeddable":true,"href":"https:\/\/linitiative.ca\/International\/wp-json\/wp\/v2\/tags?post=131121"}],"curies":[{"name":"wp","href":"https:\/\/api.w.org\/{rel}","templated":true}]}}