{"id":131130,"date":"2021-10-27T06:34:33","date_gmt":"2021-10-27T10:34:33","guid":{"rendered":"https:\/\/linitiative.ca\/International\/instructions-relatives-a-la-generalisation-de-son-utilisation-un-troisieme-ministere-impose-la-langue-arabe\/"},"modified":"2021-10-27T06:34:33","modified_gmt":"2021-10-27T10:34:33","slug":"instructions-relatives-a-la-generalisation-de-son-utilisation-un-troisieme-ministere-impose-la-langue-arabe","status":"publish","type":"post","link":"https:\/\/linitiative.ca\/International\/instructions-relatives-a-la-generalisation-de-son-utilisation-un-troisieme-ministere-impose-la-langue-arabe\/","title":{"rendered":"Instructions relatives \u00e0 la g\u00e9n\u00e9ralisation de son utilisation : Un troisi\u00e8me minist\u00e8re impose la langue arabe"},"content":{"rendered":"<div>\n<div class=\"sriret\"><img decoding=\"async\" src=\"https:\/\/linitiative.ca\/International\/wp-content\/uploads\/sites\/23\/2021\/10\/default-picture-709x366_c-56.jpg\"><\/div>\n<p>Le minist\u00e8re du Travail, de l\u2019Emploi et de la S\u00e9curit\u00e9 sociale a instruit, dans une note adress\u00e9e \u00e0 l\u2019Inspecteur g\u00e9n\u00e9ral, aux directeurs g\u00e9n\u00e9raux et centraux au niveau du minist\u00e8re, ainsi que les directeurs de wilaya de l\u2019emploi et \u00e0 ses diff\u00e9rents services d\u2019utiliser \u00abexclusivement\u00bb la langue arabe dans \u00abtoutes les correspondances, rapports, proc\u00e8s-verbaux de r\u00e9unions, et tout autre document\u00bb \u00e9manant de ses services \u00abqu\u2019ils soient internes ou ceux destin\u00e9s aux autres administrations et soci\u00e9t\u00e9s\u00bb.<\/p>\n<p>Ce d\u00e9partement a cit\u00e9, dans cette instruction, et comme r\u00e9f\u00e9rence l\u00e9gale, l\u2019article 3 de la Constitution, qui stipule, pr\u00e9cise-t-on, que \u00abla langue arabe est une langue nationale et officielle\u00bb et la loi 05-91 du 16 janvier 1991 relative \u00e0 la g\u00e9n\u00e9ralisation de l\u2019utilisation de la langue arabe.<\/p>\n<p><strong>Retrouvez l\u2019int\u00e9gralit\u00e9 de nos articles sur la version papier<\/strong><\/p>\n<p>L\u2019article <a rel=\"nofollow\" href=\"https:\/\/www.elwatan.com\/edition\/actualite\/instructions-relatives-a-la-generalisation-de-son-utilisation-un-troisieme-ministere-impose-la-langue-arabe-27-10-2021\">Instructions relatives \u00e0 la g\u00e9n\u00e9ralisation de son utilisation : Un troisi\u00e8me minist\u00e8re impose la langue arabe<\/a> est apparu en premier sur <a rel=\"nofollow\" href=\"https:\/\/www.elwatan.com\/\">El Watan<\/a>.<\/p>\n<\/div>\n<p>Auteur: Hicham Chouadria<br \/>\n<a href=\"https:\/\/www.elwatan.com\/edition\/actualite\/instructions-relatives-a-la-generalisation-de-son-utilisation-un-troisieme-ministere-impose-la-langue-arabe-27-10-2021\">Cliquez ici pour lire l&rsquo;article depuis sa source.<\/a><\/p>\n","protected":false},"excerpt":{"rendered":"<p>Le minist\u00e8re du Travail, de l\u2019Emploi et de la S\u00e9curit\u00e9 sociale a instruit, dans une note adress\u00e9e \u00e0 l\u2019Inspecteur g\u00e9n\u00e9ral, aux directeurs g\u00e9n\u00e9raux et centraux au niveau du minist\u00e8re, ainsi que les directeurs de wilaya de l\u2019emploi et \u00e0 ses diff\u00e9rents services d\u2019utiliser \u00abexclusivement\u00bb la langue arabe dans \u00abtoutes les correspondances, rapports, proc\u00e8s-verbaux de r\u00e9unions, [&hellip;]<\/p>\n","protected":false},"author":1743,"featured_media":0,"comment_status":"closed","ping_status":"closed","sticky":false,"template":"","format":"standard","meta":{"fifu_image_url":"https:\/\/www.elwatan.com\/wp-content\/themes\/spectr\/img\/default-picture-709x366_c.jpg","fifu_image_alt":"Instructions relatives \u00e0 la g\u00e9n\u00e9ralisation de son utilisation : Un troisi\u00e8me minist\u00e8re impose la langue arabe","footnotes":""},"categories":[73,53],"tags":[],"class_list":["post-131130","post","type-post","status-publish","format-standard","hentry","category-actualite","category-algerie"],"_links":{"self":[{"href":"https:\/\/linitiative.ca\/International\/wp-json\/wp\/v2\/posts\/131130","targetHints":{"allow":["GET"]}}],"collection":[{"href":"https:\/\/linitiative.ca\/International\/wp-json\/wp\/v2\/posts"}],"about":[{"href":"https:\/\/linitiative.ca\/International\/wp-json\/wp\/v2\/types\/post"}],"author":[{"embeddable":true,"href":"https:\/\/linitiative.ca\/International\/wp-json\/wp\/v2\/users\/1743"}],"replies":[{"embeddable":true,"href":"https:\/\/linitiative.ca\/International\/wp-json\/wp\/v2\/comments?post=131130"}],"version-history":[{"count":0,"href":"https:\/\/linitiative.ca\/International\/wp-json\/wp\/v2\/posts\/131130\/revisions"}],"wp:attachment":[{"href":"https:\/\/linitiative.ca\/International\/wp-json\/wp\/v2\/media?parent=131130"}],"wp:term":[{"taxonomy":"category","embeddable":true,"href":"https:\/\/linitiative.ca\/International\/wp-json\/wp\/v2\/categories?post=131130"},{"taxonomy":"post_tag","embeddable":true,"href":"https:\/\/linitiative.ca\/International\/wp-json\/wp\/v2\/tags?post=131130"}],"curies":[{"name":"wp","href":"https:\/\/api.w.org\/{rel}","templated":true}]}}