{"id":131132,"date":"2021-10-27T06:38:53","date_gmt":"2021-10-27T10:38:53","guid":{"rendered":"https:\/\/linitiative.ca\/International\/apn-adoption-de-plus-de-10-projets-de-lois\/"},"modified":"2021-10-27T06:38:53","modified_gmt":"2021-10-27T10:38:53","slug":"apn-adoption-de-plus-de-10-projets-de-lois","status":"publish","type":"post","link":"https:\/\/linitiative.ca\/International\/apn-adoption-de-plus-de-10-projets-de-lois\/","title":{"rendered":"APN : Adoption de plus de 10 projets de lois"},"content":{"rendered":"<div>\n<div class=\"sriret\"><img decoding=\"async\" src=\"https:\/\/linitiative.ca\/International\/wp-content\/uploads\/sites\/23\/2021\/10\/default-picture-709x366_c-57.jpg\"><\/div>\n<p class=\"p1\"><span class=\"s1\"><b>A\u00a0<\/b><\/span>quelques semaines des \u00e9lections locales pr\u00e9vues pour le 27 novembre prochain, les parlementaires de la Chambre basse du Parlement (APN) ont approuv\u00e9 hier 12 projets de lois, dont certains sont li\u00e9s au r\u00e9gime \u00e9lectoral. Le premier texte juridique porte sur l\u2019ordonnance n\u00b021-13, modifiant et compl\u00e9tant certaines dispositions de la loi 11-10 relative \u00e0 la commune.<\/p>\n<p class=\"p1\">Un document d\u00e9battu avec les membres de la commission juridique avant sa pr\u00e9sentation, hier, en pl\u00e9ni\u00e8re par le ministre de l\u2019Int\u00e9rieur et des Collectivit\u00e9s locales. Kamel Beldjoud a affirm\u00e9 que l\u2019amendement propos\u00e9 \u00e0 la loi relative \u00e0 la commune intervient dans le cadre d\u2019une d\u00e9marche visant <i>\u00ab\u00e0 mettre en synergie et en ad\u00e9quation\u00bb<\/i> certaines dispositions de ladite loi, \u00e0 travers la r\u00e9vision de celles li\u00e9es au pr\u00e9sident de l\u2019Assembl\u00e9e populaire communale (APC) et en tenant compte de <i>\u00abla loi organique relative au nouveau r\u00e9gime \u00e9lectoral qui a annul\u00e9 le syst\u00e8me de t\u00eate de liste, en adoptant la liste ouverte bas\u00e9e sur le mode de scrutin \u00e0 la repr\u00e9sentation proportionnelle avec vote pr\u00e9f\u00e9rentiel sur une liste ouverte sans panachage\u00bb<\/i>.<\/p>\n<p><strong>Retrouvez l\u2019inte\u0301gralite\u0301 de nos articles sur la version papier<\/strong><\/p>\n<p>L\u2019article <a rel=\"nofollow\" href=\"https:\/\/www.elwatan.com\/edition\/actualite\/apn-adoption-de-plus-de-10-projets-de-lois-27-10-2021\">APN : Adoption de plus de 10 projets de lois<\/a> est apparu en premier sur <a rel=\"nofollow\" href=\"https:\/\/www.elwatan.com\/\">El Watan<\/a>.<\/p>\n<\/div>\n<p>Auteur: Hicham Chouadria<br \/>\n<a href=\"https:\/\/www.elwatan.com\/edition\/actualite\/apn-adoption-de-plus-de-10-projets-de-lois-27-10-2021\">Cliquez ici pour lire l&rsquo;article depuis sa source.<\/a><\/p>\n","protected":false},"excerpt":{"rendered":"<p>A\u00a0quelques semaines des \u00e9lections locales pr\u00e9vues pour le 27 novembre prochain, les parlementaires de la Chambre basse du Parlement (APN) ont approuv\u00e9 hier 12 projets de lois, dont certains sont li\u00e9s au r\u00e9gime \u00e9lectoral. Le premier texte juridique porte sur l\u2019ordonnance n\u00b021-13, modifiant et compl\u00e9tant certaines dispositions de la loi 11-10 relative \u00e0 la commune. [&hellip;]<\/p>\n","protected":false},"author":1743,"featured_media":0,"comment_status":"closed","ping_status":"closed","sticky":false,"template":"","format":"standard","meta":{"fifu_image_url":"https:\/\/www.elwatan.com\/wp-content\/themes\/spectr\/img\/default-picture-709x366_c.jpg","fifu_image_alt":"APN : Adoption de plus de 10 projets de lois","footnotes":""},"categories":[73,53],"tags":[],"class_list":["post-131132","post","type-post","status-publish","format-standard","hentry","category-actualite","category-algerie"],"_links":{"self":[{"href":"https:\/\/linitiative.ca\/International\/wp-json\/wp\/v2\/posts\/131132","targetHints":{"allow":["GET"]}}],"collection":[{"href":"https:\/\/linitiative.ca\/International\/wp-json\/wp\/v2\/posts"}],"about":[{"href":"https:\/\/linitiative.ca\/International\/wp-json\/wp\/v2\/types\/post"}],"author":[{"embeddable":true,"href":"https:\/\/linitiative.ca\/International\/wp-json\/wp\/v2\/users\/1743"}],"replies":[{"embeddable":true,"href":"https:\/\/linitiative.ca\/International\/wp-json\/wp\/v2\/comments?post=131132"}],"version-history":[{"count":0,"href":"https:\/\/linitiative.ca\/International\/wp-json\/wp\/v2\/posts\/131132\/revisions"}],"wp:attachment":[{"href":"https:\/\/linitiative.ca\/International\/wp-json\/wp\/v2\/media?parent=131132"}],"wp:term":[{"taxonomy":"category","embeddable":true,"href":"https:\/\/linitiative.ca\/International\/wp-json\/wp\/v2\/categories?post=131132"},{"taxonomy":"post_tag","embeddable":true,"href":"https:\/\/linitiative.ca\/International\/wp-json\/wp\/v2\/tags?post=131132"}],"curies":[{"name":"wp","href":"https:\/\/api.w.org\/{rel}","templated":true}]}}