{"id":131134,"date":"2021-10-27T06:40:34","date_gmt":"2021-10-27T10:40:34","guid":{"rendered":"https:\/\/linitiative.ca\/International\/decisions-et-jugements-non-appliques-la-justice-impuissante\/"},"modified":"2021-10-27T06:40:34","modified_gmt":"2021-10-27T10:40:34","slug":"decisions-et-jugements-non-appliques-la-justice-impuissante","status":"publish","type":"post","link":"https:\/\/linitiative.ca\/International\/decisions-et-jugements-non-appliques-la-justice-impuissante\/","title":{"rendered":"D\u00e9cisions et jugements non appliqu\u00e9s : La justice impuissante"},"content":{"rendered":"<div>\n<div class=\"sriret\"><img loading=\"lazy\" decoding=\"async\" width=\"600\" height=\"362\" src=\"https:\/\/linitiative.ca\/International\/wp-content\/uploads\/sites\/23\/2021\/10\/JUSTICE-e1635276852227.jpg\" class=\"attachment-featured_large size-featured_large wp-post-image\" alt=\"\" style=\"margin-bottom: 15px;\"><\/div>\n<p class=\"p1\"><span class=\"s1\"><b>E<\/b><\/span><span class=\"s2\">n d\u00e9non\u00e7ant la non-ex\u00e9cution des d\u00e9cisions de justice, notamment par les institutions de l\u2019Etat, le premier magistrat du pays, le pr\u00e9sident Abdelmadjid Tebboune, lors de la c\u00e9r\u00e9monie de l\u2019ouverture de l\u2019ann\u00e9e judiciaire, n\u2019a fait que rappeler aux justiciables leurs d\u00e9boires avec le secteur de la justice. <\/span><\/p>\n<p class=\"p1\"><span class=\"s2\">Le Pr\u00e9sident a insist\u00e9 sur <i>\u00abla n\u00e9cessit\u00e9 pour tout un chacun, sans exception et qu\u2019importe sa position au sein de l\u2019Etat, de respecter les d\u00e9cisions de la justice et de veiller \u00e0 leur ex\u00e9cution\u00bb<\/i>. Mieux encore. Pour le chef de l\u2019Etat, celle-ci (l\u2019ex\u00e9cution) constitue <i>\u00abune condition fondamentale et essentielle participant de la souverainet\u00e9 du peuple\u00bb,<\/i> \u00e9tant donn\u00e9, a-t-il soulign\u00e9, que <i>\u00ables jugements sont rendus au nom du peuple et traduisent dans les faits l\u2019esprit de la loi et les objectifs voulus par le l\u00e9gislateur \u00e0 travers des lois vot\u00e9es par les repr\u00e9sentants du peuple\u00bb.<\/i> Il s\u2019est m\u00eame interrog\u00e9 sur <i>\u00abl\u2019int\u00e9r\u00eat de promulguer des lois et de rendre des jugements s\u2019ils ne sont pas ex\u00e9cut\u00e9s dans les plus brefs d\u00e9lais et permettre ainsi au justiciable de jouir de son droit\u00bb<\/i>. Le premier magistrat du pays n\u2019a pas manqu\u00e9 de qualifier le non-respect des jugements <i>\u00abd\u2019illogique\u00bb<\/i> parce que, a-t-il, pr\u00e9cis\u00e9\u00a0: <i>\u00abOn ne peut construire un Etat de droit, si le citoyen, en possession d\u2019un jugement rendu en sa faveur, n\u2019est pas en mesure d\u2019arracher son droit.\u00bb<\/i><\/span><\/p>\n<p><strong>Retrouvez l\u2019inte\u0301gralite\u0301 de nos articles sur la version papier<\/strong><\/p>\n<p>L\u2019article <a rel=\"nofollow\" href=\"https:\/\/www.elwatan.com\/a-la-une\/decisions-et-jugements-non-appliques-la-justice-impuissante-27-10-2021\">D\u00e9cisions et jugements non appliqu\u00e9s : La justice impuissante<\/a> est apparu en premier sur <a rel=\"nofollow\" href=\"https:\/\/www.elwatan.com\/\">El Watan<\/a>.<\/p>\n<\/div>\n<p>Auteur: Hicham Chouadria<br \/>\n<a href=\"https:\/\/www.elwatan.com\/a-la-une\/decisions-et-jugements-non-appliques-la-justice-impuissante-27-10-2021\">Cliquez ici pour lire l&rsquo;article depuis sa source.<\/a><\/p>\n","protected":false},"excerpt":{"rendered":"<p>En d\u00e9non\u00e7ant la non-ex\u00e9cution des d\u00e9cisions de justice, notamment par les institutions de l\u2019Etat, le premier magistrat du pays, le pr\u00e9sident Abdelmadjid Tebboune, lors de la c\u00e9r\u00e9monie de l\u2019ouverture de l\u2019ann\u00e9e judiciaire, n\u2019a fait que rappeler aux justiciables leurs d\u00e9boires avec le secteur de la justice. Le Pr\u00e9sident a insist\u00e9 sur \u00abla n\u00e9cessit\u00e9 pour tout [&hellip;]<\/p>\n","protected":false},"author":1743,"featured_media":0,"comment_status":"closed","ping_status":"closed","sticky":false,"template":"","format":"standard","meta":{"fifu_image_url":"https:\/\/www.elwatan.com\/wp-content\/uploads\/2020\/09\/JUSTICE-e1635276852227.jpg","fifu_image_alt":"D\u00e9cisions et jugements non appliqu\u00e9s : La justice impuissante","footnotes":""},"categories":[73,53],"tags":[],"class_list":["post-131134","post","type-post","status-publish","format-standard","hentry","category-actualite","category-algerie"],"_links":{"self":[{"href":"https:\/\/linitiative.ca\/International\/wp-json\/wp\/v2\/posts\/131134","targetHints":{"allow":["GET"]}}],"collection":[{"href":"https:\/\/linitiative.ca\/International\/wp-json\/wp\/v2\/posts"}],"about":[{"href":"https:\/\/linitiative.ca\/International\/wp-json\/wp\/v2\/types\/post"}],"author":[{"embeddable":true,"href":"https:\/\/linitiative.ca\/International\/wp-json\/wp\/v2\/users\/1743"}],"replies":[{"embeddable":true,"href":"https:\/\/linitiative.ca\/International\/wp-json\/wp\/v2\/comments?post=131134"}],"version-history":[{"count":0,"href":"https:\/\/linitiative.ca\/International\/wp-json\/wp\/v2\/posts\/131134\/revisions"}],"wp:attachment":[{"href":"https:\/\/linitiative.ca\/International\/wp-json\/wp\/v2\/media?parent=131134"}],"wp:term":[{"taxonomy":"category","embeddable":true,"href":"https:\/\/linitiative.ca\/International\/wp-json\/wp\/v2\/categories?post=131134"},{"taxonomy":"post_tag","embeddable":true,"href":"https:\/\/linitiative.ca\/International\/wp-json\/wp\/v2\/tags?post=131134"}],"curies":[{"name":"wp","href":"https:\/\/api.w.org\/{rel}","templated":true}]}}