{"id":131146,"date":"2021-10-27T09:14:00","date_gmt":"2021-10-27T13:14:00","guid":{"rendered":"https:\/\/linitiative.ca\/International\/signature-dun-memorandum-de-cooperation-entre-la-banque-centrale-de-tunisie-et-la-banco-despana\/"},"modified":"2021-10-27T09:14:00","modified_gmt":"2021-10-27T13:14:00","slug":"signature-dun-memorandum-de-cooperation-entre-la-banque-centrale-de-tunisie-et-la-banco-despana","status":"publish","type":"post","link":"https:\/\/linitiative.ca\/International\/signature-dun-memorandum-de-cooperation-entre-la-banque-centrale-de-tunisie-et-la-banco-despana\/","title":{"rendered":"Signature d\u2019un m\u00e9morandum de coop\u00e9ration entre la banque centrale de Tunisie et la banco d\u2019Espa\u00f1a"},"content":{"rendered":"<div><img decoding=\"async\" src=\"https:\/\/linitiative.ca\/International\/wp-content\/uploads\/sites\/23\/2021\/10\/1635336889_article.jpg\" alt=\"Signature d\u2019un m\u00e9morandum de coop\u00e9ration entre la banque centrale de Tunisie et la banco d\u2019Espa\u00f1a \" align=\"left\">Marouane El Abassi et Pablo Hern\u00e1ndez de Cos, respectivement Gouverneur de la Banque Centrale de Tunisie (BCT) et de Banco de Espa\u00f1a se sont entretenus, le 20 octobre 2021, par vid\u00e9oconf\u00e9rence pour concr\u00e9tiser la signature d\u2019un M\u00e9morandum de coop\u00e9ration (MoU) entre les deux Instituts d\u2019\u00e9missions tunisien et espagnol.<br \/>\nCette visioconf\u00e9rence a \u00e9t\u00e9 l\u2019occasion d\u2019\u00e9changer sur les possibilit\u00e9s de coop\u00e9ration futures entre les deux institutions. Ce MoU ; d\u2019une dur\u00e9e ind\u00e9termin\u00e9e; vise, notamment, \u00e0 renforcer les relations de collaboration et d&rsquo;\u00e9tablir un cadre commun pour la coop\u00e9ration technique et l&rsquo;\u00e9change de connaissances et d&rsquo;exp\u00e9riences entre les deux banques &#8230;<\/p>\n<\/div>\n<p>Auteur:<br \/>\n<a href=\"https:\/\/www.leaders.com.tn\/article\/32584-signature-d-un-memorandum-de-cooperation-entre-la-banque-centrale-de-tunisie-et-la-banco-d-espana\">Cliquez ici pour lire l&rsquo;article depuis sa source.<\/a><\/p>\n","protected":false},"excerpt":{"rendered":"<p>Marouane El Abassi et Pablo Hern\u00e1ndez de Cos, respectivement Gouverneur de la Banque Centrale de Tunisie (BCT) et de Banco de Espa\u00f1a se sont entretenus, le 20 octobre 2021, par vid\u00e9oconf\u00e9rence pour concr\u00e9tiser la signature d\u2019un M\u00e9morandum de coop\u00e9ration (MoU) entre les deux Instituts d\u2019\u00e9missions tunisien et espagnol. Cette visioconf\u00e9rence a \u00e9t\u00e9 l\u2019occasion d\u2019\u00e9changer sur [&hellip;]<\/p>\n","protected":false},"author":1772,"featured_media":0,"comment_status":"closed","ping_status":"closed","sticky":false,"template":"","format":"standard","meta":{"fifu_image_url":"http:\/\/www.leaders.com.tn\/uploads\/content\/thumbnails_small\/1635336889_article.jpg","fifu_image_alt":"Signature d\u2019un m\u00e9morandum de coop\u00e9ration entre la banque centrale de Tunisie et la banco d\u2019Espa\u00f1a","footnotes":""},"categories":[73,55],"tags":[],"class_list":["post-131146","post","type-post","status-publish","format-standard","hentry","category-actualite","category-tunisie"],"_links":{"self":[{"href":"https:\/\/linitiative.ca\/International\/wp-json\/wp\/v2\/posts\/131146","targetHints":{"allow":["GET"]}}],"collection":[{"href":"https:\/\/linitiative.ca\/International\/wp-json\/wp\/v2\/posts"}],"about":[{"href":"https:\/\/linitiative.ca\/International\/wp-json\/wp\/v2\/types\/post"}],"author":[{"embeddable":true,"href":"https:\/\/linitiative.ca\/International\/wp-json\/wp\/v2\/users\/1772"}],"replies":[{"embeddable":true,"href":"https:\/\/linitiative.ca\/International\/wp-json\/wp\/v2\/comments?post=131146"}],"version-history":[{"count":0,"href":"https:\/\/linitiative.ca\/International\/wp-json\/wp\/v2\/posts\/131146\/revisions"}],"wp:attachment":[{"href":"https:\/\/linitiative.ca\/International\/wp-json\/wp\/v2\/media?parent=131146"}],"wp:term":[{"taxonomy":"category","embeddable":true,"href":"https:\/\/linitiative.ca\/International\/wp-json\/wp\/v2\/categories?post=131146"},{"taxonomy":"post_tag","embeddable":true,"href":"https:\/\/linitiative.ca\/International\/wp-json\/wp\/v2\/tags?post=131146"}],"curies":[{"name":"wp","href":"https:\/\/api.w.org\/{rel}","templated":true}]}}