{"id":131164,"date":"2021-10-27T16:49:04","date_gmt":"2021-10-27T20:49:04","guid":{"rendered":"https:\/\/linitiative.ca\/International\/mauritanie-enfin-nafti-ne-sera-pas-le-nouveau-selectionneur\/"},"modified":"2021-10-27T16:49:04","modified_gmt":"2021-10-27T20:49:04","slug":"mauritanie-enfin-nafti-ne-sera-pas-le-nouveau-selectionneur","status":"publish","type":"post","link":"https:\/\/linitiative.ca\/International\/mauritanie-enfin-nafti-ne-sera-pas-le-nouveau-selectionneur\/","title":{"rendered":"Mauritanie : Enfin, Nafti ne sera pas le nouveau s\u00e9lectionneur"},"content":{"rendered":"<div>\n<p>Derni\u00e8re minute. L\u2019entra\u00eeneur tunisien Mehdi Nafti ne serait pas tomb\u00e9 d\u2019accord avec son agent sur un point li\u00e9 \u00e0 des probl\u00e8mes fiscaux lors de son exp\u00e9rience \u00e0 l\u2019Espagne. Face \u00e0 cette h\u00e9sitation, la F\u00e9d\u00e9ration mauritanienne a d\u00e9cid\u00e9 de mettre un terme aux pourparlers avec Nafti. Selon les coulisses internes, une suppos\u00e9e discorde entre la FFRIM [\u2026]<\/p>\n<p>L\u2019article <a href=\"https:\/\/sport.tunisienumerique.com\/mauritanie-enfin-nafti-ne-sera-pas-le-nouveau-selectionneur\/\">Mauritanie : Enfin, Nafti ne sera pas le nouveau s\u00e9lectionneur<\/a> est apparu en premier sur <a href=\"https:\/\/www.tunisienumerique.com\/\">Tunisie<\/a>.<\/p>\n<\/div>\n<p>Auteur: Hamza Ben Khlifa<br \/>\n<a href=\"https:\/\/sport.tunisienumerique.com\/mauritanie-enfin-nafti-ne-sera-pas-le-nouveau-selectionneur\/\">Cliquez ici pour lire l&rsquo;article depuis sa source.<\/a><\/p>\n","protected":false},"excerpt":{"rendered":"<p>Derni\u00e8re minute. L\u2019entra\u00eeneur tunisien Mehdi Nafti ne serait pas tomb\u00e9 d\u2019accord avec son agent sur un point li\u00e9 \u00e0 des probl\u00e8mes fiscaux lors de son exp\u00e9rience \u00e0 l\u2019Espagne. Face \u00e0 cette h\u00e9sitation, la F\u00e9d\u00e9ration mauritanienne a d\u00e9cid\u00e9 de mettre un terme aux pourparlers avec Nafti. Selon les coulisses internes, une suppos\u00e9e discorde entre la FFRIM [&hellip;]<\/p>\n","protected":false},"author":1789,"featured_media":0,"comment_status":"closed","ping_status":"closed","sticky":false,"template":"","format":"standard","meta":{"fifu_image_url":"","fifu_image_alt":"","footnotes":""},"categories":[73,55],"tags":[],"class_list":["post-131164","post","type-post","status-publish","format-standard","hentry","category-actualite","category-tunisie"],"_links":{"self":[{"href":"https:\/\/linitiative.ca\/International\/wp-json\/wp\/v2\/posts\/131164","targetHints":{"allow":["GET"]}}],"collection":[{"href":"https:\/\/linitiative.ca\/International\/wp-json\/wp\/v2\/posts"}],"about":[{"href":"https:\/\/linitiative.ca\/International\/wp-json\/wp\/v2\/types\/post"}],"author":[{"embeddable":true,"href":"https:\/\/linitiative.ca\/International\/wp-json\/wp\/v2\/users\/1789"}],"replies":[{"embeddable":true,"href":"https:\/\/linitiative.ca\/International\/wp-json\/wp\/v2\/comments?post=131164"}],"version-history":[{"count":0,"href":"https:\/\/linitiative.ca\/International\/wp-json\/wp\/v2\/posts\/131164\/revisions"}],"wp:attachment":[{"href":"https:\/\/linitiative.ca\/International\/wp-json\/wp\/v2\/media?parent=131164"}],"wp:term":[{"taxonomy":"category","embeddable":true,"href":"https:\/\/linitiative.ca\/International\/wp-json\/wp\/v2\/categories?post=131164"},{"taxonomy":"post_tag","embeddable":true,"href":"https:\/\/linitiative.ca\/International\/wp-json\/wp\/v2\/tags?post=131164"}],"curies":[{"name":"wp","href":"https:\/\/api.w.org\/{rel}","templated":true}]}}