{"id":131166,"date":"2021-10-27T16:57:53","date_gmt":"2021-10-27T20:57:53","guid":{"rendered":"https:\/\/linitiative.ca\/International\/abdelhamid-dabaiba-la-tunisie-a-vole-largent-des-libyens\/"},"modified":"2021-10-27T16:57:53","modified_gmt":"2021-10-27T20:57:53","slug":"abdelhamid-dabaiba-la-tunisie-a-vole-largent-des-libyens","status":"publish","type":"post","link":"https:\/\/linitiative.ca\/International\/abdelhamid-dabaiba-la-tunisie-a-vole-largent-des-libyens\/","title":{"rendered":"Abdelhamid Dabaiba : \u201cLa Tunisie a vol\u00e9 l\u2019argent des Libyens !\u201d"},"content":{"rendered":"<div>\n<p>Le Chef du gouvernement d\u2019union nationale libyen, Abdelhamid Dabaiba a accus\u00e9 aujourd\u2019hui 27 octobre 2021, la Tunisie d\u2019avoir vol\u00e9 l\u2019argent des Libyens. \u201cLa Belgique et Malte ont escroqu\u00e9 les Libyens, la Tunisie aussi\u00a0! Certains libyens \u00e9taient imb\u00e9ciles pour avoir fait passer, pendant la guerre, leur argent \u00e0 travers la fronti\u00e8re terrestre vers la Tunisie\u201c, ajoutant [\u2026]<\/p>\n<p>L\u2019article <a href=\"https:\/\/www.tunisienumerique.com\/abdelhamid-dabaiba-la-tunisie-a-vole-largent-des-libyens\/\">Abdelhamid Dabaiba : \u201cLa Tunisie a vol\u00e9 l\u2019argent des Libyens !\u201d<\/a> est apparu en premier sur <a href=\"https:\/\/www.tunisienumerique.com\/\">Tunisie<\/a>.<\/p>\n<\/div>\n<p>Auteur: rania ben slimane<br \/>\n<a href=\"https:\/\/www.tunisienumerique.com\/abdelhamid-dabaiba-la-tunisie-a-vole-largent-des-libyens\/\">Cliquez ici pour lire l&rsquo;article depuis sa source.<\/a><\/p>\n","protected":false},"excerpt":{"rendered":"<p>Le Chef du gouvernement d\u2019union nationale libyen, Abdelhamid Dabaiba a accus\u00e9 aujourd\u2019hui 27 octobre 2021, la Tunisie d\u2019avoir vol\u00e9 l\u2019argent des Libyens. \u201cLa Belgique et Malte ont escroqu\u00e9 les Libyens, la Tunisie aussi\u00a0! Certains libyens \u00e9taient imb\u00e9ciles pour avoir fait passer, pendant la guerre, leur argent \u00e0 travers la fronti\u00e8re terrestre vers la Tunisie\u201c, ajoutant [&hellip;]<\/p>\n","protected":false},"author":1789,"featured_media":0,"comment_status":"closed","ping_status":"closed","sticky":false,"template":"","format":"standard","meta":{"fifu_image_url":"","fifu_image_alt":"","footnotes":""},"categories":[73,55],"tags":[],"class_list":["post-131166","post","type-post","status-publish","format-standard","hentry","category-actualite","category-tunisie"],"_links":{"self":[{"href":"https:\/\/linitiative.ca\/International\/wp-json\/wp\/v2\/posts\/131166","targetHints":{"allow":["GET"]}}],"collection":[{"href":"https:\/\/linitiative.ca\/International\/wp-json\/wp\/v2\/posts"}],"about":[{"href":"https:\/\/linitiative.ca\/International\/wp-json\/wp\/v2\/types\/post"}],"author":[{"embeddable":true,"href":"https:\/\/linitiative.ca\/International\/wp-json\/wp\/v2\/users\/1789"}],"replies":[{"embeddable":true,"href":"https:\/\/linitiative.ca\/International\/wp-json\/wp\/v2\/comments?post=131166"}],"version-history":[{"count":0,"href":"https:\/\/linitiative.ca\/International\/wp-json\/wp\/v2\/posts\/131166\/revisions"}],"wp:attachment":[{"href":"https:\/\/linitiative.ca\/International\/wp-json\/wp\/v2\/media?parent=131166"}],"wp:term":[{"taxonomy":"category","embeddable":true,"href":"https:\/\/linitiative.ca\/International\/wp-json\/wp\/v2\/categories?post=131166"},{"taxonomy":"post_tag","embeddable":true,"href":"https:\/\/linitiative.ca\/International\/wp-json\/wp\/v2\/tags?post=131166"}],"curies":[{"name":"wp","href":"https:\/\/api.w.org\/{rel}","templated":true}]}}