{"id":131167,"date":"2021-10-27T17:04:48","date_gmt":"2021-10-27T21:04:48","guid":{"rendered":"https:\/\/linitiative.ca\/International\/tunisie-sfax-la-ministre-de-lenvironnement-a-mis-a-nu-linefficacite-du-modele-prone-par-kais-saied\/"},"modified":"2021-10-27T17:04:48","modified_gmt":"2021-10-27T21:04:48","slug":"tunisie-sfax-la-ministre-de-lenvironnement-a-mis-a-nu-linefficacite-du-modele-prone-par-kais-saied","status":"publish","type":"post","link":"https:\/\/linitiative.ca\/International\/tunisie-sfax-la-ministre-de-lenvironnement-a-mis-a-nu-linefficacite-du-modele-prone-par-kais-saied\/","title":{"rendered":"Tunisie \u2013 Sfax\u00a0: La ministre de l\u2019environnement a mis \u00e0 nu l\u2019inefficacit\u00e9 du mod\u00e8le pr\u00f4n\u00e9 par Ka\u00efs Sa\u00efed"},"content":{"rendered":"<div>\n<p>La ministre de l\u2019environnement du gouvernement Bouden, Leila Chikhaoui, a effectu\u00e9, ce mercredi, sa premi\u00e8re visite de terrain, dans le cadre de sa premi\u00e8re mission, dont l\u2019avait investie le pr\u00e9sident de la R\u00e9publique, Ka\u00efs Sa\u00efed, et qui est celle de trouver une solution imm\u00e9diate \u00e0 la situation d\u00e9plorable qui s\u00e9vit \u00e0 Sfax, du fait de [\u2026]<\/p>\n<p>L\u2019article <a href=\"https:\/\/www.tunisienumerique.com\/tunisie-sfax-la-ministre-de-lenvironnement-a-mis-a-nu-linefficacite-du-modele-prone-par-kais-saied\/\">Tunisie \u2013 Sfax\u00a0: La ministre de l\u2019environnement a mis \u00e0 nu l\u2019inefficacit\u00e9 du mod\u00e8le pr\u00f4n\u00e9 par Ka\u00efs Sa\u00efed<\/a> est apparu en premier sur <a href=\"https:\/\/www.tunisienumerique.com\/\">Tunisie<\/a>.<\/p>\n<\/div>\n<p>Auteur: Ramsis<br \/>\n<a href=\"https:\/\/www.tunisienumerique.com\/tunisie-sfax-la-ministre-de-lenvironnement-a-mis-a-nu-linefficacite-du-modele-prone-par-kais-saied\/\">Cliquez ici pour lire l&rsquo;article depuis sa source.<\/a><\/p>\n","protected":false},"excerpt":{"rendered":"<p>La ministre de l\u2019environnement du gouvernement Bouden, Leila Chikhaoui, a effectu\u00e9, ce mercredi, sa premi\u00e8re visite de terrain, dans le cadre de sa premi\u00e8re mission, dont l\u2019avait investie le pr\u00e9sident de la R\u00e9publique, Ka\u00efs Sa\u00efed, et qui est celle de trouver une solution imm\u00e9diate \u00e0 la situation d\u00e9plorable qui s\u00e9vit \u00e0 Sfax, du fait de [&hellip;]<\/p>\n","protected":false},"author":1789,"featured_media":0,"comment_status":"closed","ping_status":"closed","sticky":false,"template":"","format":"standard","meta":{"fifu_image_url":"","fifu_image_alt":"","footnotes":""},"categories":[73,55],"tags":[],"class_list":["post-131167","post","type-post","status-publish","format-standard","hentry","category-actualite","category-tunisie"],"_links":{"self":[{"href":"https:\/\/linitiative.ca\/International\/wp-json\/wp\/v2\/posts\/131167","targetHints":{"allow":["GET"]}}],"collection":[{"href":"https:\/\/linitiative.ca\/International\/wp-json\/wp\/v2\/posts"}],"about":[{"href":"https:\/\/linitiative.ca\/International\/wp-json\/wp\/v2\/types\/post"}],"author":[{"embeddable":true,"href":"https:\/\/linitiative.ca\/International\/wp-json\/wp\/v2\/users\/1789"}],"replies":[{"embeddable":true,"href":"https:\/\/linitiative.ca\/International\/wp-json\/wp\/v2\/comments?post=131167"}],"version-history":[{"count":0,"href":"https:\/\/linitiative.ca\/International\/wp-json\/wp\/v2\/posts\/131167\/revisions"}],"wp:attachment":[{"href":"https:\/\/linitiative.ca\/International\/wp-json\/wp\/v2\/media?parent=131167"}],"wp:term":[{"taxonomy":"category","embeddable":true,"href":"https:\/\/linitiative.ca\/International\/wp-json\/wp\/v2\/categories?post=131167"},{"taxonomy":"post_tag","embeddable":true,"href":"https:\/\/linitiative.ca\/International\/wp-json\/wp\/v2\/tags?post=131167"}],"curies":[{"name":"wp","href":"https:\/\/api.w.org\/{rel}","templated":true}]}}