{"id":131168,"date":"2021-10-27T15:41:34","date_gmt":"2021-10-27T19:41:34","guid":{"rendered":"https:\/\/linitiative.ca\/International\/audition-des-accuses-dans-le-proces-thomas-sankara-le-commando-elysee-ilboudo-ouvre-t-il-le-ban-de-la-verite\/"},"modified":"2021-10-27T15:41:34","modified_gmt":"2021-10-27T19:41:34","slug":"audition-des-accuses-dans-le-proces-thomas-sankara-le-commando-elysee-ilboudo-ouvre-t-il-le-ban-de-la-verite","status":"publish","type":"post","link":"https:\/\/linitiative.ca\/International\/audition-des-accuses-dans-le-proces-thomas-sankara-le-commando-elysee-ilboudo-ouvre-t-il-le-ban-de-la-verite\/","title":{"rendered":"AUDITION DES ACCUSES DANS LE PROCES THOMAS SANKARA : Le commando Elys\u00e9e Ilboudo ouvre-t-il le ban de la v\u00e9rit\u00e9 ?"},"content":{"rendered":"<div>\n<p><img decoding=\"async\" width=\"1200\" height=\"675\" src=\"https:\/\/linitiative.ca\/International\/wp-content\/uploads\/sites\/23\/2021\/10\/IMG_20211025_083336.jpg\" class=\"attachment- size- wp-post-image\" alt=\"\" loading=\"lazy\" style=\"float:left; margin:0 15px 15px 0;\" srcset=\"https:\/\/linitiative.ca\/International\/wp-content\/uploads\/sites\/23\/2021\/10\/IMG_20211025_083336.jpg 1200w, https:\/\/lepays.bf\/wp-content\/uploads\/2021\/10\/IMG_20211025_083336-300x169.jpg 300w, https:\/\/lepays.bf\/wp-content\/uploads\/2021\/10\/IMG_20211025_083336-1024x576.jpg 1024w, https:\/\/lepays.bf\/wp-content\/uploads\/2021\/10\/IMG_20211025_083336-768x432.jpg 768w, https:\/\/lepays.bf\/wp-content\/uploads\/2021\/10\/IMG_20211025_083336-390x220.jpg 390w\" sizes=\"auto, (max-width: 1200px) 100vw, 1200px\">Au troisi\u00e8me jour du proc\u00e8s de l\u2019assassinat du pr\u00e9sident Thomas Sankara et de ses 12 compagnons, on en sait un peu plus sur le commando qui a conduit l\u2019exp\u00e9dition sanglante du 15 octobre 1987 au Conseil de l\u2019entente. Appel\u00e9 le 26 octobre dernier, \u00e0 la barre, le premier accus\u00e9, Elys\u00e9e Ilboudo, commando du Centre d\u2019entrainement \u2026<\/p>\n<p>L\u2019article <a rel=\"nofollow\" href=\"https:\/\/lepays.bf\/audition-des-accuses-dans-le-proces-thomas-sankara-le-commando-elysee-ilboudo-ouvre-t-il-le-ban-de-la-verite\/\">AUDITION DES ACCUSES DANS LE PROCES THOMAS SANKARA : Le commando Elys\u00e9e Ilboudo ouvre-t-il le ban de la v\u00e9rit\u00e9 ?<\/a> est apparu en premier sur <a rel=\"nofollow\" href=\"https:\/\/lepays.bf\/\">Editions Le Pays<\/a>.<\/p>\n<\/div>\n<p>Auteur: Editions LEPAYS<br \/>\n<a href=\"https:\/\/lepays.bf\/audition-des-accuses-dans-le-proces-thomas-sankara-le-commando-elysee-ilboudo-ouvre-t-il-le-ban-de-la-verite\/\">Cliquez ici pour lire l&rsquo;article depuis sa source.<\/a><\/p>\n","protected":false},"excerpt":{"rendered":"<p>Au troisi\u00e8me jour du proc\u00e8s de l\u2019assassinat du pr\u00e9sident Thomas Sankara et de ses 12 compagnons, on en sait un peu plus sur le commando qui a conduit l\u2019exp\u00e9dition sanglante du 15 octobre 1987 au Conseil de l\u2019entente. Appel\u00e9 le 26 octobre dernier, \u00e0 la barre, le premier accus\u00e9, Elys\u00e9e Ilboudo, commando du Centre d\u2019entrainement [&hellip;]<\/p>\n","protected":false},"author":1813,"featured_media":0,"comment_status":"closed","ping_status":"closed","sticky":false,"template":"","format":"standard","meta":{"fifu_image_url":"https:\/\/lepays.bf\/wp-content\/uploads\/2021\/10\/IMG_20211025_083336.jpg","fifu_image_alt":"AUDITION DES ACCUSES DANS LE PROCES THOMAS SANKARA : Le commando Elys\u00e9e Ilboudo ouvre-t-il le ban de la v\u00e9rit\u00e9 ?","footnotes":""},"categories":[73,81],"tags":[],"class_list":["post-131168","post","type-post","status-publish","format-standard","hentry","category-actualite","category-burkina-faso"],"_links":{"self":[{"href":"https:\/\/linitiative.ca\/International\/wp-json\/wp\/v2\/posts\/131168","targetHints":{"allow":["GET"]}}],"collection":[{"href":"https:\/\/linitiative.ca\/International\/wp-json\/wp\/v2\/posts"}],"about":[{"href":"https:\/\/linitiative.ca\/International\/wp-json\/wp\/v2\/types\/post"}],"author":[{"embeddable":true,"href":"https:\/\/linitiative.ca\/International\/wp-json\/wp\/v2\/users\/1813"}],"replies":[{"embeddable":true,"href":"https:\/\/linitiative.ca\/International\/wp-json\/wp\/v2\/comments?post=131168"}],"version-history":[{"count":0,"href":"https:\/\/linitiative.ca\/International\/wp-json\/wp\/v2\/posts\/131168\/revisions"}],"wp:attachment":[{"href":"https:\/\/linitiative.ca\/International\/wp-json\/wp\/v2\/media?parent=131168"}],"wp:term":[{"taxonomy":"category","embeddable":true,"href":"https:\/\/linitiative.ca\/International\/wp-json\/wp\/v2\/categories?post=131168"},{"taxonomy":"post_tag","embeddable":true,"href":"https:\/\/linitiative.ca\/International\/wp-json\/wp\/v2\/tags?post=131168"}],"curies":[{"name":"wp","href":"https:\/\/api.w.org\/{rel}","templated":true}]}}