{"id":131170,"date":"2021-10-27T15:47:02","date_gmt":"2021-10-27T19:47:02","guid":{"rendered":"https:\/\/linitiative.ca\/International\/restitution-de-patrimoines-culturels-africains-la-france-ne-perd-rien-en-y-allant\/"},"modified":"2021-10-27T15:47:02","modified_gmt":"2021-10-27T19:47:02","slug":"restitution-de-patrimoines-culturels-africains-la-france-ne-perd-rien-en-y-allant","status":"publish","type":"post","link":"https:\/\/linitiative.ca\/International\/restitution-de-patrimoines-culturels-africains-la-france-ne-perd-rien-en-y-allant\/","title":{"rendered":"RESTITUTION DE PATRIMOINES CULTURELS AFRICAINS : La France ne perd rien en y allant"},"content":{"rendered":"<div>\n<p><img decoding=\"async\" width=\"755\" height=\"449\" src=\"https:\/\/linitiative.ca\/International\/wp-content\/uploads\/sites\/23\/2021\/10\/artoff18128.jpg\" class=\"attachment- size- wp-post-image\" alt=\"\" loading=\"lazy\" style=\"float:left; margin:0 15px 15px 0;\" srcset=\"https:\/\/linitiative.ca\/International\/wp-content\/uploads\/sites\/23\/2021\/10\/artoff18128.jpg 755w, https:\/\/lepays.bf\/wp-content\/uploads\/2021\/10\/artoff18128-300x178.jpg 300w\" sizes=\"auto, (max-width: 755px) 100vw, 755px\">Lentement mais s\u00fbrement, le processus de restitution d\u2019\u0153uvres d\u2019art par la France, aux pays africains, semble d\u00e9sormais irr\u00e9versible. C\u2019est, du moins, ce qu\u2019on est tent\u00e9 de dire au regard de l\u2019arriv\u00e9e imminente des tr\u00e9sors royaux d\u2019Abomey au B\u00e9nin, puisque l\u2019acte de restitution a \u00e9t\u00e9 concr\u00e9tis\u00e9 le 27 octobre dernier, au cours d\u2019une c\u00e9r\u00e9monie \u00e0 laquelle \u2026<\/p>\n<p>L\u2019article <a rel=\"nofollow\" href=\"https:\/\/lepays.bf\/restitution-de-patrimoines-culturels-africains-la-france-ne-perd-rien-en-y-allant\/\">RESTITUTION DE PATRIMOINES CULTURELS AFRICAINS : La France ne perd rien en y allant<\/a> est apparu en premier sur <a rel=\"nofollow\" href=\"https:\/\/lepays.bf\/\">Editions Le Pays<\/a>.<\/p>\n<\/div>\n<p>Auteur: Editions LEPAYS<br \/>\n<a href=\"https:\/\/lepays.bf\/restitution-de-patrimoines-culturels-africains-la-france-ne-perd-rien-en-y-allant\/\">Cliquez ici pour lire l&rsquo;article depuis sa source.<\/a><\/p>\n","protected":false},"excerpt":{"rendered":"<p>Lentement mais s\u00fbrement, le processus de restitution d\u2019\u0153uvres d\u2019art par la France, aux pays africains, semble d\u00e9sormais irr\u00e9versible. C\u2019est, du moins, ce qu\u2019on est tent\u00e9 de dire au regard de l\u2019arriv\u00e9e imminente des tr\u00e9sors royaux d\u2019Abomey au B\u00e9nin, puisque l\u2019acte de restitution a \u00e9t\u00e9 concr\u00e9tis\u00e9 le 27 octobre dernier, au cours d\u2019une c\u00e9r\u00e9monie \u00e0 laquelle [&hellip;]<\/p>\n","protected":false},"author":1813,"featured_media":0,"comment_status":"closed","ping_status":"closed","sticky":false,"template":"","format":"standard","meta":{"fifu_image_url":"https:\/\/lepays.bf\/wp-content\/uploads\/2021\/10\/artoff18128.jpg","fifu_image_alt":"RESTITUTION DE PATRIMOINES CULTURELS AFRICAINS : La France ne perd rien en y allant","footnotes":""},"categories":[73,81],"tags":[],"class_list":["post-131170","post","type-post","status-publish","format-standard","hentry","category-actualite","category-burkina-faso"],"_links":{"self":[{"href":"https:\/\/linitiative.ca\/International\/wp-json\/wp\/v2\/posts\/131170","targetHints":{"allow":["GET"]}}],"collection":[{"href":"https:\/\/linitiative.ca\/International\/wp-json\/wp\/v2\/posts"}],"about":[{"href":"https:\/\/linitiative.ca\/International\/wp-json\/wp\/v2\/types\/post"}],"author":[{"embeddable":true,"href":"https:\/\/linitiative.ca\/International\/wp-json\/wp\/v2\/users\/1813"}],"replies":[{"embeddable":true,"href":"https:\/\/linitiative.ca\/International\/wp-json\/wp\/v2\/comments?post=131170"}],"version-history":[{"count":0,"href":"https:\/\/linitiative.ca\/International\/wp-json\/wp\/v2\/posts\/131170\/revisions"}],"wp:attachment":[{"href":"https:\/\/linitiative.ca\/International\/wp-json\/wp\/v2\/media?parent=131170"}],"wp:term":[{"taxonomy":"category","embeddable":true,"href":"https:\/\/linitiative.ca\/International\/wp-json\/wp\/v2\/categories?post=131170"},{"taxonomy":"post_tag","embeddable":true,"href":"https:\/\/linitiative.ca\/International\/wp-json\/wp\/v2\/tags?post=131170"}],"curies":[{"name":"wp","href":"https:\/\/api.w.org\/{rel}","templated":true}]}}