{"id":131172,"date":"2021-10-27T15:55:17","date_gmt":"2021-10-27T19:55:17","guid":{"rendered":"https:\/\/linitiative.ca\/International\/resistance-au-coup-detat-du-general-al-burhan-les-soudanais-tiennent-ils-le-bon-bout\/"},"modified":"2021-10-27T15:55:17","modified_gmt":"2021-10-27T19:55:17","slug":"resistance-au-coup-detat-du-general-al-burhan-les-soudanais-tiennent-ils-le-bon-bout","status":"publish","type":"post","link":"https:\/\/linitiative.ca\/International\/resistance-au-coup-detat-du-general-al-burhan-les-soudanais-tiennent-ils-le-bon-bout\/","title":{"rendered":"RESISTANCE AU COUP D\u2019ETAT DU GENERAL AL-BURHAN : Les Soudanais tiennent-ils le bon bout ?"},"content":{"rendered":"<div>\n<p><img decoding=\"async\" width=\"600\" height=\"338\" src=\"https:\/\/linitiative.ca\/International\/wp-content\/uploads\/sites\/23\/2021\/10\/photo_1635161462.jpg\" class=\"attachment- size- wp-post-image\" alt=\"\" loading=\"lazy\" style=\"float:left; margin:0 15px 15px 0;\" srcset=\"https:\/\/linitiative.ca\/International\/wp-content\/uploads\/sites\/23\/2021\/10\/photo_1635161462.jpg 600w, https:\/\/lepays.bf\/wp-content\/uploads\/2021\/10\/photo_1635161462-300x169.jpg 300w, https:\/\/lepays.bf\/wp-content\/uploads\/2021\/10\/photo_1635161462-390x220.jpg 390w\" sizes=\"auto, (max-width: 600px) 100vw, 600px\">Trois jours apr\u00e8s le coup d\u2019Etat du g\u00e9n\u00e9ral al-Burhan, les lignes commencent \u00e0 bouger dans le sens de certaines revendications du peuple soudanais qui est rentr\u00e9 dans la r\u00e9sistance.\u00a0 Ainsi, le Premier ministre Abdallah Hamdok qui \u00e9tait jusque-l\u00e0 tenu au secret apr\u00e8s son arrestation aux premi\u00e8res heures du putsch, a regagn\u00e9 son domicile le 26 \u2026<\/p>\n<p>L\u2019article <a rel=\"nofollow\" href=\"https:\/\/lepays.bf\/resistance-au-coup-detat-du-general-al-burhan-les-soudanais-tiennent-ils-le-bon-bout\/\">RESISTANCE AU COUP D\u2019ETAT DU GENERAL AL-BURHAN : Les Soudanais tiennent-ils le bon bout ?<\/a> est apparu en premier sur <a rel=\"nofollow\" href=\"https:\/\/lepays.bf\/\">Editions Le Pays<\/a>.<\/p>\n<\/div>\n<p>Auteur: Editions LEPAYS<br \/>\n<a href=\"https:\/\/lepays.bf\/resistance-au-coup-detat-du-general-al-burhan-les-soudanais-tiennent-ils-le-bon-bout\/\">Cliquez ici pour lire l&rsquo;article depuis sa source.<\/a><\/p>\n","protected":false},"excerpt":{"rendered":"<p>Trois jours apr\u00e8s le coup d\u2019Etat du g\u00e9n\u00e9ral al-Burhan, les lignes commencent \u00e0 bouger dans le sens de certaines revendications du peuple soudanais qui est rentr\u00e9 dans la r\u00e9sistance.\u00a0 Ainsi, le Premier ministre Abdallah Hamdok qui \u00e9tait jusque-l\u00e0 tenu au secret apr\u00e8s son arrestation aux premi\u00e8res heures du putsch, a regagn\u00e9 son domicile le 26 [&hellip;]<\/p>\n","protected":false},"author":1813,"featured_media":0,"comment_status":"closed","ping_status":"closed","sticky":false,"template":"","format":"standard","meta":{"fifu_image_url":"https:\/\/lepays.bf\/wp-content\/uploads\/2021\/10\/photo_1635161462.jpg","fifu_image_alt":"RESISTANCE AU COUP D\u2019ETAT DU GENERAL AL-BURHAN : Les Soudanais tiennent-ils le bon bout ?","footnotes":""},"categories":[73,81],"tags":[],"class_list":["post-131172","post","type-post","status-publish","format-standard","hentry","category-actualite","category-burkina-faso"],"_links":{"self":[{"href":"https:\/\/linitiative.ca\/International\/wp-json\/wp\/v2\/posts\/131172","targetHints":{"allow":["GET"]}}],"collection":[{"href":"https:\/\/linitiative.ca\/International\/wp-json\/wp\/v2\/posts"}],"about":[{"href":"https:\/\/linitiative.ca\/International\/wp-json\/wp\/v2\/types\/post"}],"author":[{"embeddable":true,"href":"https:\/\/linitiative.ca\/International\/wp-json\/wp\/v2\/users\/1813"}],"replies":[{"embeddable":true,"href":"https:\/\/linitiative.ca\/International\/wp-json\/wp\/v2\/comments?post=131172"}],"version-history":[{"count":0,"href":"https:\/\/linitiative.ca\/International\/wp-json\/wp\/v2\/posts\/131172\/revisions"}],"wp:attachment":[{"href":"https:\/\/linitiative.ca\/International\/wp-json\/wp\/v2\/media?parent=131172"}],"wp:term":[{"taxonomy":"category","embeddable":true,"href":"https:\/\/linitiative.ca\/International\/wp-json\/wp\/v2\/categories?post=131172"},{"taxonomy":"post_tag","embeddable":true,"href":"https:\/\/linitiative.ca\/International\/wp-json\/wp\/v2\/tags?post=131172"}],"curies":[{"name":"wp","href":"https:\/\/api.w.org\/{rel}","templated":true}]}}