{"id":131177,"date":"2021-10-27T06:40:37","date_gmt":"2021-10-27T10:40:37","guid":{"rendered":"https:\/\/linitiative.ca\/International\/cooperation-arabie-saoudite-burkina-lambassadeur-fahad-aldosari-a-lenvironnement-et-a-lagriculture\/"},"modified":"2021-10-27T06:40:37","modified_gmt":"2021-10-27T10:40:37","slug":"cooperation-arabie-saoudite-burkina-lambassadeur-fahad-aldosari-a-lenvironnement-et-a-lagriculture","status":"publish","type":"post","link":"https:\/\/linitiative.ca\/International\/cooperation-arabie-saoudite-burkina-lambassadeur-fahad-aldosari-a-lenvironnement-et-a-lagriculture\/","title":{"rendered":"Coop\u00e9ration Arabie Saoudite\/Burkina: L\u2019ambassadeur, Fahad Aldosari, \u00e0 l\u2019Environnement et \u00e0 l\u2019Agriculture"},"content":{"rendered":"<div>\n<p><strong>L\u2019ambassadeur du royaume d\u2019Arabie saoudite au Burkina, Fahad Aldosari, a rendu une visite de courtoisie au ministre de l\u2019environnement, de l\u2019\u00e9conomie verte et du changement climatique, Sim\u00e9on Sawadogo, le lundi 25 octobre 2021, et son homologue de l\u2019agriculture, des am\u00e9nagements hydro-agricoles et de la m\u00e9canisation, Salifou Ou\u00e9draogo, le mardi 26 octobre 2021, \u00e0 Ouagadougou.<\/strong><\/p>\n<p>Dans le souci de mieux connaitre les priorit\u00e9s du gouvernement dans chaque d\u00e9partement, l\u2019ambassadeur d\u2019Arabie saoudite au Burkina, Fahad Aldosari, poursuit ses visites de courtoisie aux ministres. Il s\u2019est entretenu avec le ministre de l\u2019environnement, de l\u2019\u00e9conomie verte et du changement climatique, Sim\u00e9on Sawadogo, le lundi 25 octobre 2021, \u00e0 Ouagadougou. Au cour de leur entretien, les deux personnalit\u00e9s ont abord\u00e9 la coop\u00e9ration bilat\u00e9rale entre les deux pays et la n\u00e9cessit\u00e9 de l\u2019\u00e9largir dans divers domaines. <em>\u00ab\u00a0J\u2019ai profit\u00e9 de l\u2019occasion parler au ministre de l\u2019initiative Arabie saoudite verte qui a \u00e9t\u00e9 lanc\u00e9 le 24 octobre dernier par le Prince h\u00e9ritier.\u00a0 Cette initiative va permettre de changer le climat en Arabie Saoudite parce que la premi\u00e8re \u00e9tape va permettre de planter 10 milliards d\u2019arbres jusqu\u2019en 2030. L\u2019objectif est de faire de 30% du territoire saoudien une r\u00e9serve naturelle\u00a0\u00bb<\/em>, a d\u00e9clar\u00e9 le diplomate saoudien, au sortir de l\u2019audience.\u00a0 Il a pr\u00e9cis\u00e9 que 20% du territoire sont d\u00e9j\u00e0 consid\u00e9r\u00e9s comme une r\u00e9serve naturelle. M. Aldosari a indiqu\u00e9 que d\u2019ici \u00e0 2060, le royaume ambitionne de promouvoir le carbone z\u00e9ro dans toutes les entreprises.<\/p>\n<p>Tout en saluant la visite du diplomate saoudien, le ministre en charge de l\u2019environnement, Sim\u00e9on Sawadogo, a d\u00e9clar\u00e9 que l\u2019Arabie saoudite est un exemple en mati\u00e8re de conservation de l\u2019environnement et de la biodiversit\u00e9. <em>\u00ab\u00a0Ils ont d\u00e9clar\u00e9 30% de leur territoire comme une sorte de r\u00e9serve naturelle. C\u2019est un exemple que nous devons pouvoir prendre pour la pr\u00e9servation de nos aires prot\u00e9g\u00e9es\u00a0\u00bb<\/em>, a soulign\u00e9 Sim\u00e9on Sawadogo. \u00a0Au passage, il a salu\u00e9 la bonne collaboration qu\u2019il a eue avec l\u2019ambassade d\u2019Arabie saoudite au Burkina dans l\u2019organisation du Hadj lorsqu\u2019il \u00e9tait \u00e0 la t\u00eate du d\u00e9partement en charge de l\u2019administration territoriale.<\/p>\n<p>Actualit\u00e9 oblige, la COP 26 sur le changement climatique qui se tiendra du 1<sup>er<\/sup> au 12 novembre 2021 \u00e0 Glasgow en Ecosse s\u2019est invit\u00e9 dans les \u00e9changes. <em>\u00ab\u00a0Nous pensons que nous aurons l\u2019occasion d\u2019\u00e9changer avec le repr\u00e9sentant de l\u2019Arabie Saoudite pour pouvoir renforcer notre coop\u00e9ration en mati\u00e8re de la conservation de la biodiversit\u00e9. Nous avons profit\u00e9 pour parler des projets communs dans le cadre de l\u2019organisation de la conf\u00e9rence islamique (OCI), notamment sur les aires prot\u00e9g\u00e9es\u00a0\u00bb<\/em>, a confi\u00e9 le ministre en charge de l\u2019environnement. M. Sawadogo a \u00e9mis le souhait que l\u2019Arabie saoudite puisse appuyer les projets du Burkina dans le cadre de l\u2019OCI.<\/p>\n<p><strong>R\u00e9fl\u00e9chir \u00e0 un partenariat fructueux<\/strong><\/p>\n<p>Dans la m\u00eame dynamique de connaitre les r\u00e9alit\u00e9s de chaque d\u00e9partement, l\u2019ambassadeur, Fahad Aldosari, s\u2019est rendu chez le ministre de l\u2019agriculture, des am\u00e9nagements hydro-agricoles et de la m\u00e9canisation, Salifou Ou\u00e9draogo, dans l\u2019apr\u00e8s-midi du mardi 26 octobre 2021. Avec son h\u00f4te, il a \u00e9t\u00e9 question d\u2019\u00e9changer sur le renforcement des relations bilat\u00e9rales entre l\u2019Arabie saoudite et le Burkina, notamment dans le domaine agricole. \u00ab\u00a0J\u2019ai parl\u00e9 au ministre de l\u2019Initiative Moyen-Orient vert et l\u2019Initiative Arabie saoudite verte qui ont \u00e9t\u00e9 lanc\u00e9es par le prince h\u00e9ritier Mohammed Ben Salman. Ces deux grands projets visent \u00e0 lutter efficacement contre le changement climatique. J\u2019ai \u00e9voqu\u00e9 aussi la possibilit\u00e9 de renforcer la coop\u00e9ration entre les minist\u00e8res saoudien et burkinab\u00e8 de l\u2019agriculture\u00a0\u00bb, a confi\u00e9 l\u2019ambassadeur.<\/p>\n<p><img decoding=\"async\" loading=\"lazy\" class=\"alignleft size-full wp-image-41394\" src=\"https:\/\/linitiative.ca\/International\/wp-content\/uploads\/sites\/23\/2021\/10\/WhatsApp-Image-2021-10-27-at-03.18.03.jpeg\" alt=\"\" width=\"720\" height=\"1080\" srcset=\"https:\/\/linitiative.ca\/International\/wp-content\/uploads\/sites\/23\/2021\/10\/WhatsApp-Image-2021-10-27-at-03.18.03.jpeg 720w, https:\/\/www.sidwaya.info\/wp-content\/uploads\/2021\/10\/WhatsApp-Image-2021-10-27-at-03.18.03-200x300.jpeg 200w, https:\/\/www.sidwaya.info\/wp-content\/uploads\/2021\/10\/WhatsApp-Image-2021-10-27-at-03.18.03-683x1024.jpeg 683w, https:\/\/www.sidwaya.info\/wp-content\/uploads\/2021\/10\/WhatsApp-Image-2021-10-27-at-03.18.03-150x225.jpeg 150w, https:\/\/www.sidwaya.info\/wp-content\/uploads\/2021\/10\/WhatsApp-Image-2021-10-27-at-03.18.03-300x450.jpeg 300w, https:\/\/www.sidwaya.info\/wp-content\/uploads\/2021\/10\/WhatsApp-Image-2021-10-27-at-03.18.03-696x1044.jpeg 696w, https:\/\/www.sidwaya.info\/wp-content\/uploads\/2021\/10\/WhatsApp-Image-2021-10-27-at-03.18.03-280x420.jpeg 280w\" sizes=\"auto, (max-width: 720px) 100vw, 720px\">Le ministre en charge l\u2019agriculture, des am\u00e9nagements hydro-agricoles et de la m\u00e9canisation, Salifou Ou\u00e9draogo, , s\u2019est r\u00e9joui de la visite du diplomate saoudien. Il a dit \u00eatre \u00e9difi\u00e9 sur l\u2019Initiative verte qui est une solution durable contre le changement climatique. <em>\u00ab\u00a0L\u2019agriculture constitue un grand pilier du d\u00e9veloppement de la croissance au Burkina d\u2019autant plus qu\u2019elle touche plus de 80% de la population. Je souhaite notre pays et l\u2019Arabie saoudite puissent avoir des conventions pour asseoir de bonne pistes de collaboration dans le domaine agricole pour sa transformation structurelle\u00a0\u00bb<\/em>, a souhait\u00e9 M. Ou\u00e9draogo.\u00a0 Pour lui, il est important de r\u00e9fl\u00e9chir \u00e0 un partenariat qui profitera aux deux pays.<\/p>\n<p><strong>\u00a0<\/strong><\/p>\n<p><strong>Karim BADOLO<\/strong><\/p>\n<p>L\u2019article <a rel=\"nofollow\" href=\"https:\/\/www.sidwaya.info\/blog\/2021\/10\/27\/cooperation-arabie-saoudite-burkina-lambassadeur-fahad-aldosari-a-lenvironnement-et-a-lagriculture\/\">Coop\u00e9ration Arabie Saoudite\/Burkina: L\u2019ambassadeur, Fahad Aldosari, \u00e0 l\u2019Environnement et \u00e0 l\u2019Agriculture<\/a> est apparu en premier sur <a rel=\"nofollow\" href=\"https:\/\/www.sidwaya.info\/\">Quotidien Sidwaya<\/a>.<\/p>\n<\/div>\n<p>Auteur: BS. Sidwaya<br \/>\n<a href=\"https:\/\/www.sidwaya.info\/blog\/2021\/10\/27\/cooperation-arabie-saoudite-burkina-lambassadeur-fahad-aldosari-a-lenvironnement-et-a-lagriculture\/\">Cliquez ici pour lire l&rsquo;article depuis sa source.<\/a><\/p>\n","protected":false},"excerpt":{"rendered":"<p>L\u2019ambassadeur du royaume d\u2019Arabie saoudite au Burkina, Fahad Aldosari, a rendu une visite de courtoisie au ministre de l\u2019environnement, de l\u2019\u00e9conomie verte et du changement climatique, Sim\u00e9on Sawadogo, le lundi 25 octobre 2021, et son homologue de l\u2019agriculture, des am\u00e9nagements hydro-agricoles et de la m\u00e9canisation, Salifou Ou\u00e9draogo, le mardi 26 octobre 2021, \u00e0 Ouagadougou. Dans [&hellip;]<\/p>\n","protected":false},"author":1816,"featured_media":0,"comment_status":"closed","ping_status":"closed","sticky":false,"template":"","format":"standard","meta":{"fifu_image_url":"https:\/\/www.sidwaya.info\/wp-content\/uploads\/2021\/10\/WhatsApp-Image-2021-10-27-at-03.18.03.jpeg","fifu_image_alt":"Coop\u00e9ration Arabie Saoudite\/Burkina: L\u2019ambassadeur, Fahad Aldosari, \u00e0 l\u2019Environnement et \u00e0 l\u2019Agriculture","footnotes":""},"categories":[73,81],"tags":[],"class_list":["post-131177","post","type-post","status-publish","format-standard","hentry","category-actualite","category-burkina-faso"],"_links":{"self":[{"href":"https:\/\/linitiative.ca\/International\/wp-json\/wp\/v2\/posts\/131177","targetHints":{"allow":["GET"]}}],"collection":[{"href":"https:\/\/linitiative.ca\/International\/wp-json\/wp\/v2\/posts"}],"about":[{"href":"https:\/\/linitiative.ca\/International\/wp-json\/wp\/v2\/types\/post"}],"author":[{"embeddable":true,"href":"https:\/\/linitiative.ca\/International\/wp-json\/wp\/v2\/users\/1816"}],"replies":[{"embeddable":true,"href":"https:\/\/linitiative.ca\/International\/wp-json\/wp\/v2\/comments?post=131177"}],"version-history":[{"count":0,"href":"https:\/\/linitiative.ca\/International\/wp-json\/wp\/v2\/posts\/131177\/revisions"}],"wp:attachment":[{"href":"https:\/\/linitiative.ca\/International\/wp-json\/wp\/v2\/media?parent=131177"}],"wp:term":[{"taxonomy":"category","embeddable":true,"href":"https:\/\/linitiative.ca\/International\/wp-json\/wp\/v2\/categories?post=131177"},{"taxonomy":"post_tag","embeddable":true,"href":"https:\/\/linitiative.ca\/International\/wp-json\/wp\/v2\/tags?post=131177"}],"curies":[{"name":"wp","href":"https:\/\/api.w.org\/{rel}","templated":true}]}}