{"id":131179,"date":"2021-10-27T07:20:52","date_gmt":"2021-10-27T11:20:52","guid":{"rendered":"https:\/\/linitiative.ca\/International\/changement-climatique-larabie-saoudite-lance-deux-initiatives-vertes\/"},"modified":"2021-10-27T07:20:52","modified_gmt":"2021-10-27T11:20:52","slug":"changement-climatique-larabie-saoudite-lance-deux-initiatives-vertes","status":"publish","type":"post","link":"https:\/\/linitiative.ca\/International\/changement-climatique-larabie-saoudite-lance-deux-initiatives-vertes\/","title":{"rendered":"Changement climatique : L\u2019Arabie saoudite lance deux Initiatives vertes"},"content":{"rendered":"<div>\n<p><strong>Premier producteur mondial de p\u00e9trole, le royaume d\u2019Arabie saoudite est \u00e0 l\u2019avant-garde de la lutte pour la protection de l\u2019environnement. L\u2019initiative Arabie saoudite verte et l\u2019initiative Moyen-Orient vert port\u00e9es par le prince h\u00e9ritier Mohammed Ben Salman visent \u00e0 lutter contre le changement climatique.<\/strong><\/p>\n<p>Le constat fait par le prince h\u00e9ritier saoudien Mohammed Ben Salman \u00e0 propos du changement climatique est sans appel<em>. \u00ab\u00a0Le Royaume d\u2019Arabie Saoudite et la sous-r\u00e9gion sont confront\u00e9es \u00e0 deux d\u00e9fis environnementaux, tels que la d\u00e9sertification, qui constitue une menace \u00e9conomique pour la sous-r\u00e9gion, et on estime que la pollution de l\u2019air par les gaz \u00e0 effet de serre a r\u00e9duit l\u2019esp\u00e9rance de vie moyenne des citoyens d\u2019une d\u2019un ans et demi\u00a0\u00bb,<\/em> a-t-il soutenu. Le lancement de l\u2019initiative Arabie saoudite verte et l\u2019initiative Moyen-Orient vert est une r\u00e9ponse \u00e0 ce d\u00e9fi majeur.\u00a0 L\u2019initiative Arabie Saoudite verte a pour ambition d\u2019augmenter la couverture v\u00e9g\u00e9tale, r\u00e9duire les \u00e9missions de carbone, lutter contre la pollution et la d\u00e9gradation des terres, et pr\u00e9server la vie marine.\u00a0Les deux initiatives pour le climat de l\u2019ordre de 39 milliards de riyal saoudien (SAR), , dont 15 milliards de SAR\u00a0 seront financ\u00e9s par l\u2019Arabie Saoudite. L\u2019annonce a \u00e9t\u00e9 faite lors du Sommet de \u00ab l\u2019Initiative du Moyen-Orient Vert \u00bb, lanc\u00e9 le prince h\u00e9ritier d\u2019Arabie saoudite, Mohamed Ben Salmane, le 26 octobre 2021, \u00e0 Ryad en Arabie saoudite. Le prince h\u00e9ritier a indiqu\u00e9 que la premi\u00e8re initiative consiste en la cr\u00e9ation d\u2019un fonds d\u2019investissement dans le domaine de l\u2019\u00e9conomie circulaire \u00e0 faibles \u00e9missions de carbone, alors que la deuxi\u00e8me initiative aura pour objectif d\u2019identifier des solutions pour d\u00e9velopper une \u00e9nergie propre et alimenter plus de 750 millions de personnes \u00e0 travers le monde. <em>\u00ab En tant que premier producteur mondial de p\u00e9trole, nous sommes pleinement conscients de notre part de responsabilit\u00e9 dans la lutte contre la crise climatique, et cela tout comme notre r\u00f4le de pionnier dans la stabilisation des march\u00e9s de l\u2019\u00e9nergie \u00e0 l\u2019\u00e8re du p\u00e9trole et du gaz. Nous travaillerons pour diriger l\u2019\u00e8re verte \u00e0 venir\u00a0\u00bb<\/em>, a argu\u00e9 le Mohammed Ben Salman.<\/p>\n<p><strong><img decoding=\"async\" loading=\"lazy\" class=\"alignleft size-full wp-image-41398\" src=\"https:\/\/linitiative.ca\/International\/wp-content\/uploads\/sites\/23\/2021\/10\/ksa.jpeg\" alt=\"\" width=\"670\" height=\"395\" srcset=\"https:\/\/linitiative.ca\/International\/wp-content\/uploads\/sites\/23\/2021\/10\/ksa.jpeg 670w, https:\/\/www.sidwaya.info\/wp-content\/uploads\/2021\/10\/ksa-300x177.jpeg 300w, https:\/\/www.sidwaya.info\/wp-content\/uploads\/2021\/10\/ksa-150x88.jpeg 150w\" sizes=\"auto, (max-width: 670px) 100vw, 670px\">Se projeter vers un futur plus vert<\/strong><\/p>\n<p>L\u2019Initiative Arabie Saoudite verte vise \u00e9galement la r\u00e9duction des \u00e9missions de carbone de plus de 4 % des contributions mondiales, gr\u00e2ce \u00e0 des projets d\u2019\u00e9nergie renouvelable qui fourniront 50 % de la production d\u2019\u00e9lectricit\u00e9 \u00e0 l\u2019int\u00e9rieur du Royaume d\u2019ici 2030, et des projets dans le domaine des technologies hydrauliques propres qui \u00e9limineront plus de 130 millions de tonnes d\u2019\u00e9missions de carbone. \u00a0L\u2019augmentation du pourcentage de transformation des d\u00e9chets des d\u00e9charges \u00e0 94% est prise en compte. Le prince h\u00e9ritier a soulign\u00e9 que ce projet restaurera une superficie \u00e9quivalente \u00e0 200 millions d\u2019hectares de terres d\u00e9grad\u00e9es, ce qui repr\u00e9sente (5%) de l\u2019objectif mondial de plantation d\u2019arbres et atteint une r\u00e9duction de (2,5%) de taux mondiaux de carbone.<\/p>\n<p>Ces deux initiatives viennent renforcer les efforts environnementaux existants en Arabie Saoudite au cours des ann\u00e9es pr\u00e9c\u00e9dentes conform\u00e9ment \u00e0 la Vision 2030 et traduisent la volont\u00e9 sinc\u00e8re du Royaume d\u2019Arabie Saoudite de faire face aux d\u00e9fis environnementaux qu\u2019il a subis. Ces deux initiatives d\u00e9coulent \u00e9galement du r\u00f4le de pionnier du Royaume d\u2019Arabie Saoudite dans les enjeux internationaux communs et pour compl\u00e9ter ses efforts visant \u00e0 prot\u00e9ger la plan\u00e8te lors de sa pr\u00e9sidence des pays de G20 l\u2019an dernier. Une responsabilit\u00e9 qui s\u2019est traduite par une d\u00e9claration sp\u00e9ciale sur l\u2019environnement et l\u2019adoption du concept d\u2019une \u00e9conomie circulaire du carbone, la cr\u00e9ation du premier groupe de travail sp\u00e9cial pour l\u2019environnement et le lancement de deux initiatives internationales pour r\u00e9duire la d\u00e9gradation des terres et prot\u00e9ger les r\u00e9cifs coralliens. Aux dires du prince h\u00e9ritier, le royaume d\u2019Arabie Saoudite, la sous-r\u00e9gion et le monde entier doivent aller de l\u2019avant et \u00e0 un rythme acc\u00e9l\u00e9r\u00e9 dans la lutte contre le changement climatique, et compte tenu de la situation actuelle, se projeter vers un futur plus vert. Il s\u2019est dit convaincu que la lutte contre le changement climatique am\u00e9liore la comp\u00e9titivit\u00e9, stimule l\u2019innovation et cr\u00e9e des millions d\u2019emplois.<\/p>\n<p><strong>Une synth\u00e8se de<\/strong><\/p>\n<p><strong>\u00a0Karim BADOLO<\/strong><\/p>\n<p>L\u2019article <a rel=\"nofollow\" href=\"https:\/\/www.sidwaya.info\/blog\/2021\/10\/27\/changement-climatique-larabie-saoudite-lance-deux-initiatives-vertes\/\">Changement climatique : L\u2019Arabie saoudite lance deux Initiatives vertes<\/a> est apparu en premier sur <a rel=\"nofollow\" href=\"https:\/\/www.sidwaya.info\/\">Quotidien Sidwaya<\/a>.<\/p>\n<\/div>\n<p>Auteur: BS. Sidwaya<br \/>\n<a href=\"https:\/\/www.sidwaya.info\/blog\/2021\/10\/27\/changement-climatique-larabie-saoudite-lance-deux-initiatives-vertes\/\">Cliquez ici pour lire l&rsquo;article depuis sa source.<\/a><\/p>\n","protected":false},"excerpt":{"rendered":"<p>Premier producteur mondial de p\u00e9trole, le royaume d\u2019Arabie saoudite est \u00e0 l\u2019avant-garde de la lutte pour la protection de l\u2019environnement. L\u2019initiative Arabie saoudite verte et l\u2019initiative Moyen-Orient vert port\u00e9es par le prince h\u00e9ritier Mohammed Ben Salman visent \u00e0 lutter contre le changement climatique. Le constat fait par le prince h\u00e9ritier saoudien Mohammed Ben Salman \u00e0 [&hellip;]<\/p>\n","protected":false},"author":1816,"featured_media":0,"comment_status":"closed","ping_status":"closed","sticky":false,"template":"","format":"standard","meta":{"fifu_image_url":"https:\/\/www.sidwaya.info\/wp-content\/uploads\/2021\/10\/ksa.jpeg","fifu_image_alt":"Changement climatique : L\u2019Arabie saoudite lance deux Initiatives vertes","footnotes":""},"categories":[73,81],"tags":[],"class_list":["post-131179","post","type-post","status-publish","format-standard","hentry","category-actualite","category-burkina-faso"],"_links":{"self":[{"href":"https:\/\/linitiative.ca\/International\/wp-json\/wp\/v2\/posts\/131179","targetHints":{"allow":["GET"]}}],"collection":[{"href":"https:\/\/linitiative.ca\/International\/wp-json\/wp\/v2\/posts"}],"about":[{"href":"https:\/\/linitiative.ca\/International\/wp-json\/wp\/v2\/types\/post"}],"author":[{"embeddable":true,"href":"https:\/\/linitiative.ca\/International\/wp-json\/wp\/v2\/users\/1816"}],"replies":[{"embeddable":true,"href":"https:\/\/linitiative.ca\/International\/wp-json\/wp\/v2\/comments?post=131179"}],"version-history":[{"count":0,"href":"https:\/\/linitiative.ca\/International\/wp-json\/wp\/v2\/posts\/131179\/revisions"}],"wp:attachment":[{"href":"https:\/\/linitiative.ca\/International\/wp-json\/wp\/v2\/media?parent=131179"}],"wp:term":[{"taxonomy":"category","embeddable":true,"href":"https:\/\/linitiative.ca\/International\/wp-json\/wp\/v2\/categories?post=131179"},{"taxonomy":"post_tag","embeddable":true,"href":"https:\/\/linitiative.ca\/International\/wp-json\/wp\/v2\/tags?post=131179"}],"curies":[{"name":"wp","href":"https:\/\/api.w.org\/{rel}","templated":true}]}}